{"id":7106,"date":"2025-07-30T18:56:22","date_gmt":"2025-07-30T22:56:22","guid":{"rendered":"https:\/\/suanoticiaaqui.com.br\/news\/?p=7106"},"modified":"2025-07-30T18:56:22","modified_gmt":"2025-07-30T22:56:22","slug":"eurodeputados-pedem-sancoes-contra-moraes-por-abusos-e-censura","status":"publish","type":"post","link":"https:\/\/suanoticiaaqui.com.br\/news\/2025\/07\/30\/eurodeputados-pedem-sancoes-contra-moraes-por-abusos-e-censura\/","title":{"rendered":"Eurodeputados pedem san\u00e7\u00f5es contra Moraes por abusos e censura"},"content":{"rendered":"\n<p>Parlamentares europeus acusam ministro do STF de viola\u00e7\u00f5es graves de direitos humanos e ataque \u00e0 liberdade de express\u00e3o<\/p>\n\n\n\n<ul class=\"wp-block-list\">\n<li><a href=\"https:\/\/bradockshow.com.br\/author\/marcotoledo\/\"><\/a>por <a href=\"https:\/\/bradockshow.com.br\/author\/marcotoledo\/\">Marco Toledo<\/a><\/li>\n<\/ul>\n\n\n\n<p>O eurodeputado Dominik Tarczy\u0144ski, junto a outros 15 membros do Parlamento Europeu, enviou nesta ter\u00e7a-feira (30) uma carta oficial \u00e0 Alta Representante da Uni\u00e3o Europeia, Kaja Kallas, pedindo san\u00e7\u00f5es contra o ministro Alexandre de Moraes e aliados no STF.<\/p>\n\n\n\n<p>A solicita\u00e7\u00e3o usa o Regime Global de San\u00e7\u00f5es da UE para Direitos Humanos, citando censura, pris\u00f5es sem devido processo e persegui\u00e7\u00e3o pol\u00edtica.<\/p>\n\n\n\n<p>A carta afirma que Moraes age como \u201cjuiz, promotor e investigador\u201d, emitindo ordens secretas para silenciar cr\u00edticos e impedir a circula\u00e7\u00e3o de conte\u00fados ligados ao ex-presidente Jair Bolsonaro.<\/p>\n\n\n\n<p>Os eurodeputados apontam viola\u00e7\u00f5es da Constitui\u00e7\u00e3o brasileira e comparam as a\u00e7\u00f5es de Moraes \u00e0s de regimes autorit\u00e1rios como China e R\u00fassia.<\/p>\n\n\n\n<p>Tarczy\u0144ski elogiou o presidente Donald Trump pelas san\u00e7\u00f5es aplicadas no mesmo dia e cobrou que a Uni\u00e3o Europeia tamb\u00e9m atue com urg\u00eancia para proteger os direitos fundamentais e o Estado de Direito.<\/p>\n","protected":false},"excerpt":{"rendered":"<p>Parlamentares europeus acusam ministro do STF de viola\u00e7\u00f5es graves de direitos humanos e ataque \u00e0 liberdade de express\u00e3o O eurodeputado&hellip;<\/p>\n","protected":false},"author":1,"featured_media":7107,"comment_status":"open","ping_status":"open","sticky":false,"template":"","format":"standard","meta":{"footnotes":""},"categories":[1],"tags":[],"class_list":["post-7106","post","type-post","status-publish","format-standard","has-post-thumbnail","hentry","category-uncategorized"],"_links":{"self":[{"href":"https:\/\/suanoticiaaqui.com.br\/news\/wp-json\/wp\/v2\/posts\/7106","targetHints":{"allow":["GET"]}}],"collection":[{"href":"https:\/\/suanoticiaaqui.com.br\/news\/wp-json\/wp\/v2\/posts"}],"about":[{"href":"https:\/\/suanoticiaaqui.com.br\/news\/wp-json\/wp\/v2\/types\/post"}],"author":[{"embeddable":true,"href":"https:\/\/suanoticiaaqui.com.br\/news\/wp-json\/wp\/v2\/users\/1"}],"replies":[{"embeddable":true,"href":"https:\/\/suanoticiaaqui.com.br\/news\/wp-json\/wp\/v2\/comments?post=7106"}],"version-history":[{"count":1,"href":"https:\/\/suanoticiaaqui.com.br\/news\/wp-json\/wp\/v2\/posts\/7106\/revisions"}],"predecessor-version":[{"id":7108,"href":"https:\/\/suanoticiaaqui.com.br\/news\/wp-json\/wp\/v2\/posts\/7106\/revisions\/7108"}],"wp:featuredmedia":[{"embeddable":true,"href":"https:\/\/suanoticiaaqui.com.br\/news\/wp-json\/wp\/v2\/media\/7107"}],"wp:attachment":[{"href":"https:\/\/suanoticiaaqui.com.br\/news\/wp-json\/wp\/v2\/media?parent=7106"}],"wp:term":[{"taxonomy":"category","embeddable":true,"href":"https:\/\/suanoticiaaqui.com.br\/news\/wp-json\/wp\/v2\/categories?post=7106"},{"taxonomy":"post_tag","embeddable":true,"href":"https:\/\/suanoticiaaqui.com.br\/news\/wp-json\/wp\/v2\/tags?post=7106"}],"curies":[{"name":"wp","href":"https:\/\/api.w.org\/{rel}","templated":true}]}}