{"id":7109,"date":"2025-07-30T18:57:09","date_gmt":"2025-07-30T22:57:09","guid":{"rendered":"https:\/\/suanoticiaaqui.com.br\/news\/?p=7109"},"modified":"2025-07-30T18:57:09","modified_gmt":"2025-07-30T22:57:09","slug":"apos-3-meses-de-investigacao-mulher-e-2-homens-sao-presos-com-armas-dinheiro-e-droga","status":"publish","type":"post","link":"https:\/\/suanoticiaaqui.com.br\/news\/2025\/07\/30\/apos-3-meses-de-investigacao-mulher-e-2-homens-sao-presos-com-armas-dinheiro-e-droga\/","title":{"rendered":"Ap\u00f3s 3 meses de investiga\u00e7\u00e3o, mulher e 2 homens s\u00e3o presos com armas, dinheiro e droga"},"content":{"rendered":"\n<ul class=\"wp-block-list\">\n<li>por Luiz Guilherme<\/li>\n<\/ul>\n\n\n\n<p>A PC (Pol\u00edcia Civil) prendeu nesta ter\u00e7a-feira (29\/7), ap\u00f3s tr\u00eas meses de investiga\u00e7\u00e3o, uma mulher e dois homens com armas, dinheiro, droga e muni\u00e7\u00f5es, em Dourados.<\/p>\n\n\n\n<p>Segundo o boletim de ocorr\u00eancia, al\u00e9m dos entorpecentes, os agentes apreenderam R$ 4 mil em dinheiro vivo e o trabalho envolveu equipes da Defron (Delegacia Especializada de Repress\u00e3o a Crimes de Fronteira) e do SIG (Setor de Investiga\u00e7\u00f5es Gerais).<\/p>\n\n\n\n<p>Os investigadores da Defron descobriram que Paulo Eduardo dos Santos, de 36 anos, estava comercializando uma arma com Pedro Henrique Silva Carvalho, de 22. Ambos estariam vinculados ao tr\u00e1fico e a arma seria usada para garantir a venda de drogas.<\/p>\n\n\n\n<p>Com apoio da equipe do Setor de Investiga\u00e7\u00f5es Gerais, os policiais flagraram o exato momento em que os dois indiv\u00edduos negociavam um rev\u00f3lver.<\/p>\n\n\n\n<p>Na casa de Pedro Henrique foi encontrada a arma calibre 38 com duas muni\u00e7\u00f5es intactas, al\u00e9m de 30 muni\u00e7\u00f5es do mesmo calibre e dois pares de empunhadura de rev\u00f3lver.<\/p>\n\n\n\n<p>Na resid\u00eancia de Paulo foram localizados outro rev\u00f3lver calibre 38, uma pistola Glock calibre nove mil\u00edmetros com dois carregadores, 43 muni\u00e7\u00f5es nove mil\u00edmetros e o dinheiro.<\/p>\n\n\n\n<p>Ainda durante a a\u00e7\u00e3o, os agentes prenderam Flaviana Barbosa, de 46 anos. Segundo a pol\u00edcia, a dupla flagrada com as armas tinha v\u00ednculo com a mulher. Na casa dela, os policiais encontraram 6,6 quilos de skunk, balan\u00e7a e rolo filme usado para embalar a droga. Os tr\u00eas foram levados para a Defron e autuados em flagrante.<\/p>\n","protected":false},"excerpt":{"rendered":"<p>A PC (Pol\u00edcia Civil) prendeu nesta ter\u00e7a-feira (29\/7), ap\u00f3s tr\u00eas meses de investiga\u00e7\u00e3o, uma mulher e dois homens com armas,&hellip;<\/p>\n","protected":false},"author":1,"featured_media":7110,"comment_status":"open","ping_status":"open","sticky":false,"template":"","format":"standard","meta":{"footnotes":""},"categories":[1],"tags":[],"class_list":["post-7109","post","type-post","status-publish","format-standard","has-post-thumbnail","hentry","category-uncategorized"],"_links":{"self":[{"href":"https:\/\/suanoticiaaqui.com.br\/news\/wp-json\/wp\/v2\/posts\/7109","targetHints":{"allow":["GET"]}}],"collection":[{"href":"https:\/\/suanoticiaaqui.com.br\/news\/wp-json\/wp\/v2\/posts"}],"about":[{"href":"https:\/\/suanoticiaaqui.com.br\/news\/wp-json\/wp\/v2\/types\/post"}],"author":[{"embeddable":true,"href":"https:\/\/suanoticiaaqui.com.br\/news\/wp-json\/wp\/v2\/users\/1"}],"replies":[{"embeddable":true,"href":"https:\/\/suanoticiaaqui.com.br\/news\/wp-json\/wp\/v2\/comments?post=7109"}],"version-history":[{"count":1,"href":"https:\/\/suanoticiaaqui.com.br\/news\/wp-json\/wp\/v2\/posts\/7109\/revisions"}],"predecessor-version":[{"id":7111,"href":"https:\/\/suanoticiaaqui.com.br\/news\/wp-json\/wp\/v2\/posts\/7109\/revisions\/7111"}],"wp:featuredmedia":[{"embeddable":true,"href":"https:\/\/suanoticiaaqui.com.br\/news\/wp-json\/wp\/v2\/media\/7110"}],"wp:attachment":[{"href":"https:\/\/suanoticiaaqui.com.br\/news\/wp-json\/wp\/v2\/media?parent=7109"}],"wp:term":[{"taxonomy":"category","embeddable":true,"href":"https:\/\/suanoticiaaqui.com.br\/news\/wp-json\/wp\/v2\/categories?post=7109"},{"taxonomy":"post_tag","embeddable":true,"href":"https:\/\/suanoticiaaqui.com.br\/news\/wp-json\/wp\/v2\/tags?post=7109"}],"curies":[{"name":"wp","href":"https:\/\/api.w.org\/{rel}","templated":true}]}}