{"id":7112,"date":"2025-07-30T18:59:27","date_gmt":"2025-07-30T22:59:27","guid":{"rendered":"https:\/\/suanoticiaaqui.com.br\/news\/?p=7112"},"modified":"2025-07-30T18:59:27","modified_gmt":"2025-07-30T22:59:27","slug":"trump-impoe-tarifa-de-50-ao-brasil-e-declara-emergencia-nacional","status":"publish","type":"post","link":"https:\/\/suanoticiaaqui.com.br\/news\/2025\/07\/30\/trump-impoe-tarifa-de-50-ao-brasil-e-declara-emergencia-nacional\/","title":{"rendered":"Trump imp\u00f5e tarifa de 50% ao Brasil e declara emerg\u00eancia nacional"},"content":{"rendered":"\n<p>Medida protege os EUA contra abusos do governo brasileiro e garante soberania sobre liberdade de express\u00e3o<\/p>\n\n\n\n<ul class=\"wp-block-list\">\n<li><a href=\"https:\/\/bradockshow.com.br\/author\/marcotoledo\/\"><\/a>por <a href=\"https:\/\/bradockshow.com.br\/author\/marcotoledo\/\">Marco Toledo<\/a><\/li>\n<\/ul>\n\n\n\n<p>O presidente Donald J. Trump assinou uma ordem executiva que eleva para 50% a tarifa sobre produtos brasileiros, ap\u00f3s identificar uma amea\u00e7a \u201cincomum e extraordin\u00e1ria\u201d \u00e0 seguran\u00e7a nacional, \u00e0 pol\u00edtica externa e \u00e0 economia dos Estados Unidos.<\/p>\n\n\n\n<p>A decis\u00e3o, amparada na IEEPA (Lei de Poderes Econ\u00f4micos de Emerg\u00eancia Internacional), responde a pr\u00e1ticas abusivas do governo brasileiro que violam direitos humanos e interferem diretamente na liberdade de express\u00e3o de cidad\u00e3os e empresas americanas.<\/p>\n\n\n\n<p>Segundo a Casa Branca, autoridades brasileiras v\u00eam perseguindo opositores pol\u00edticos, censurando conte\u00fados online e coagindo empresas dos EUA com multas, amea\u00e7as e congelamento de ativos.<\/p>\n\n\n\n<p>O ministro Alexandre de Moraes \u00e9 apontado como figura central dessa repress\u00e3o, com centenas de ordens judiciais secretas contra cr\u00edticos e medidas autorit\u00e1rias contra plataformas digitais.<\/p>\n\n\n\n<p>Trump tamb\u00e9m revogou os vistos de Moraes, seus aliados e familiares. A a\u00e7\u00e3o integra a pol\u00edtica \u201cAmerica First\u201d e reafirma o compromisso dos EUA com a defesa da liberdade, da soberania e da prote\u00e7\u00e3o de seus cidad\u00e3os contra regimes que desrespeitam os direitos fundamentais.<\/p>\n","protected":false},"excerpt":{"rendered":"<p>Medida protege os EUA contra abusos do governo brasileiro e garante soberania sobre liberdade de express\u00e3o O presidente Donald J.&hellip;<\/p>\n","protected":false},"author":1,"featured_media":7113,"comment_status":"open","ping_status":"open","sticky":false,"template":"","format":"standard","meta":{"footnotes":""},"categories":[1],"tags":[],"class_list":["post-7112","post","type-post","status-publish","format-standard","has-post-thumbnail","hentry","category-uncategorized"],"_links":{"self":[{"href":"https:\/\/suanoticiaaqui.com.br\/news\/wp-json\/wp\/v2\/posts\/7112","targetHints":{"allow":["GET"]}}],"collection":[{"href":"https:\/\/suanoticiaaqui.com.br\/news\/wp-json\/wp\/v2\/posts"}],"about":[{"href":"https:\/\/suanoticiaaqui.com.br\/news\/wp-json\/wp\/v2\/types\/post"}],"author":[{"embeddable":true,"href":"https:\/\/suanoticiaaqui.com.br\/news\/wp-json\/wp\/v2\/users\/1"}],"replies":[{"embeddable":true,"href":"https:\/\/suanoticiaaqui.com.br\/news\/wp-json\/wp\/v2\/comments?post=7112"}],"version-history":[{"count":1,"href":"https:\/\/suanoticiaaqui.com.br\/news\/wp-json\/wp\/v2\/posts\/7112\/revisions"}],"predecessor-version":[{"id":7114,"href":"https:\/\/suanoticiaaqui.com.br\/news\/wp-json\/wp\/v2\/posts\/7112\/revisions\/7114"}],"wp:featuredmedia":[{"embeddable":true,"href":"https:\/\/suanoticiaaqui.com.br\/news\/wp-json\/wp\/v2\/media\/7113"}],"wp:attachment":[{"href":"https:\/\/suanoticiaaqui.com.br\/news\/wp-json\/wp\/v2\/media?parent=7112"}],"wp:term":[{"taxonomy":"category","embeddable":true,"href":"https:\/\/suanoticiaaqui.com.br\/news\/wp-json\/wp\/v2\/categories?post=7112"},{"taxonomy":"post_tag","embeddable":true,"href":"https:\/\/suanoticiaaqui.com.br\/news\/wp-json\/wp\/v2\/tags?post=7112"}],"curies":[{"name":"wp","href":"https:\/\/api.w.org\/{rel}","templated":true}]}}