{"id":7121,"date":"2025-07-30T19:06:48","date_gmt":"2025-07-30T23:06:48","guid":{"rendered":"https:\/\/suanoticiaaqui.com.br\/news\/?p=7121"},"modified":"2025-07-30T19:06:48","modified_gmt":"2025-07-30T23:06:48","slug":"sancoes-norte-americanas-a-moraes-evidenciam-foco-de-trump-em-combate-a-censura","status":"publish","type":"post","link":"https:\/\/suanoticiaaqui.com.br\/news\/2025\/07\/30\/sancoes-norte-americanas-a-moraes-evidenciam-foco-de-trump-em-combate-a-censura\/","title":{"rendered":"San\u00e7\u00f5es norte-americanas a Moraes evidenciam foco de Trump em combate \u00e0 censura"},"content":{"rendered":"\n<p>Medida destaca a gravidade atribu\u00edda ao \u201ccomplexo de persegui\u00e7\u00e3o\u201d no Brasil e avisa aliados de Alexandre de Moraes<\/p>\n\n\n\n<ul class=\"wp-block-list\">\n<li><a href=\"https:\/\/bradockshow.com.br\/author\/marcotoledo\/\"><\/a>por <a href=\"https:\/\/bradockshow.com.br\/author\/marcotoledo\/\">Marco Toledo<\/a><\/li>\n<\/ul>\n\n\n\n<p>As san\u00e7\u00f5es aplicadas hoje pelo governo dos EUA contra o ministro Alexandre de Moraes deixam claro que o presidente Donald Trump encara com m\u00e1xima seriedade o denominado \u201ccomplexo de censura e persegui\u00e7\u00e3o\u201d no Brasil, do qual Moraes foi apontado como principal idealizador.<\/p>\n\n\n\n<p>A inclus\u00e3o de seu nome na lista da OFAC refor\u00e7a a mensagem: viola\u00e7\u00f5es de direitos e restri\u00e7\u00f5es \u00e0 liberdade de express\u00e3o n\u00e3o ser\u00e3o toleradas.<\/p>\n\n\n\n<p>Autoridades e parceiros que colaboraram com medidas consideradas arbitr\u00e1rias devem perceber o recado. A a\u00e7\u00e3o norte-americana sinaliza que, a partir de agora, qualquer envolvimento em decis\u00f5es que cerceiem garantias fundamentais pode resultar em penalidades internacionais, que v\u00e3o al\u00e9m de medidas internas, alcan\u00e7ando bens, vistos e transa\u00e7\u00f5es financeiras.<\/p>\n\n\n\n<p>https:\/\/platform.twitter.com\/embed\/Tweet.html?dnt=false&#038;embedId=twitter-widget-0&#038;features=e30%3D&#038;frame=false&#038;hideCard=false&#038;hideThread=false&#038;id=1950610832360149157&#038;lang=pt&#038;origin=https%3A%2F%2Fbradockshow.com.br%2Fsancoes-norte-americanas-a-moraes-evidenciam-foco-de-trump-em-combate-a-censura%2F&#038;sessionId=d3edc207d16ae043ac316cc42fa01ac152e98546&#038;siteScreenName=BradockShow&#038;theme=light&#038;widgetsVersion=2615f7e52b7e0%3A1702314776716&#038;width=550px<\/p>\n","protected":false},"excerpt":{"rendered":"<p>Medida destaca a gravidade atribu\u00edda ao \u201ccomplexo de persegui\u00e7\u00e3o\u201d no Brasil e avisa aliados de Alexandre de Moraes As san\u00e7\u00f5es&hellip;<\/p>\n","protected":false},"author":1,"featured_media":7122,"comment_status":"open","ping_status":"open","sticky":false,"template":"","format":"standard","meta":{"footnotes":""},"categories":[1],"tags":[],"class_list":["post-7121","post","type-post","status-publish","format-standard","has-post-thumbnail","hentry","category-uncategorized"],"_links":{"self":[{"href":"https:\/\/suanoticiaaqui.com.br\/news\/wp-json\/wp\/v2\/posts\/7121","targetHints":{"allow":["GET"]}}],"collection":[{"href":"https:\/\/suanoticiaaqui.com.br\/news\/wp-json\/wp\/v2\/posts"}],"about":[{"href":"https:\/\/suanoticiaaqui.com.br\/news\/wp-json\/wp\/v2\/types\/post"}],"author":[{"embeddable":true,"href":"https:\/\/suanoticiaaqui.com.br\/news\/wp-json\/wp\/v2\/users\/1"}],"replies":[{"embeddable":true,"href":"https:\/\/suanoticiaaqui.com.br\/news\/wp-json\/wp\/v2\/comments?post=7121"}],"version-history":[{"count":1,"href":"https:\/\/suanoticiaaqui.com.br\/news\/wp-json\/wp\/v2\/posts\/7121\/revisions"}],"predecessor-version":[{"id":7123,"href":"https:\/\/suanoticiaaqui.com.br\/news\/wp-json\/wp\/v2\/posts\/7121\/revisions\/7123"}],"wp:featuredmedia":[{"embeddable":true,"href":"https:\/\/suanoticiaaqui.com.br\/news\/wp-json\/wp\/v2\/media\/7122"}],"wp:attachment":[{"href":"https:\/\/suanoticiaaqui.com.br\/news\/wp-json\/wp\/v2\/media?parent=7121"}],"wp:term":[{"taxonomy":"category","embeddable":true,"href":"https:\/\/suanoticiaaqui.com.br\/news\/wp-json\/wp\/v2\/categories?post=7121"},{"taxonomy":"post_tag","embeddable":true,"href":"https:\/\/suanoticiaaqui.com.br\/news\/wp-json\/wp\/v2\/tags?post=7121"}],"curies":[{"name":"wp","href":"https:\/\/api.w.org\/{rel}","templated":true}]}}