{"id":7127,"date":"2025-07-31T10:40:21","date_gmt":"2025-07-31T14:40:21","guid":{"rendered":"https:\/\/suanoticiaaqui.com.br\/news\/?p=7127"},"modified":"2025-07-31T10:40:21","modified_gmt":"2025-07-31T14:40:21","slug":"alexandre-de-moraes-e-sancionado-pelos-eua-ao-lado-de-lideres-do-pcc-e-hezbollah","status":"publish","type":"post","link":"https:\/\/suanoticiaaqui.com.br\/news\/2025\/07\/31\/alexandre-de-moraes-e-sancionado-pelos-eua-ao-lado-de-lideres-do-pcc-e-hezbollah\/","title":{"rendered":"Alexandre de Moraes \u00e9 sancionado pelos EUA ao lado de l\u00edderes do PCC e Hezbollah"},"content":{"rendered":"\n<p>Ministro do STF entra em lista por viola\u00e7\u00e3o de direitos humanos e corrup\u00e7\u00e3o, segundo Lei Magnitsky<\/p>\n\n\n\n<ul class=\"wp-block-list\">\n<li><a href=\"https:\/\/bradockshow.com.br\/author\/marcotoledo\/\"><\/a>por <a href=\"https:\/\/bradockshow.com.br\/author\/marcotoledo\/\">Marco Toledo<\/a><\/li>\n<\/ul>\n\n\n\n<p>O ministro Alexandre de Moraes, do Supremo Tribunal Federal (STF), foi inclu\u00eddo na lista de san\u00e7\u00f5es dos Estados Unidos sob a Lei Magnitsky, que atinge indiv\u00edduos acusados de graves viola\u00e7\u00f5es de direitos humanos e corrup\u00e7\u00e3o.<\/p>\n\n\n\n<p>A medida foi anunciada nesta quarta-feira (30) pelo presidente Donald Trump e executada pelo Escrit\u00f3rio de Controle de Ativos Estrangeiros (OFAC), ligado ao Departamento do Tesouro americano.<\/p>\n\n\n\n<p>Com a inclus\u00e3o, Moraes passa a figurar ao lado de cerca de 20 brasileiros j\u00e1 sancionados, incluindo a fac\u00e7\u00e3o Primeiro Comando da Capital (PCC) e Diego Macedo Gon\u00e7alves do Carmo, o \u201cBrahma\u201d, apontado por lavar R$ 1,2 bilh\u00e3o para a organiza\u00e7\u00e3o.<\/p>\n\n\n\n<p>Tamb\u00e9m est\u00e3o na lista Assad Ahmad Barakat, elo do Hezbollah na Am\u00e9rica do Sul, e Ciro Daniel Amorim Ferreira, ligado ao canal Terrorgram, usado para incitar ataques violentos.<\/p>\n\n\n\n<p>As san\u00e7\u00f5es preveem congelamento de bens e proibi\u00e7\u00e3o de transa\u00e7\u00f5es com empresas e cidad\u00e3os dos EUA. \u00c9 a primeira vez que um ministro de um pa\u00eds considerado democr\u00e1tico entra na lista, ao lado de nomes ligados ao crime organizado e ao terrorismo internacional.<\/p>\n","protected":false},"excerpt":{"rendered":"<p>Ministro do STF entra em lista por viola\u00e7\u00e3o de direitos humanos e corrup\u00e7\u00e3o, segundo Lei Magnitsky O ministro Alexandre de&hellip;<\/p>\n","protected":false},"author":1,"featured_media":7128,"comment_status":"open","ping_status":"open","sticky":false,"template":"","format":"standard","meta":{"footnotes":""},"categories":[1],"tags":[],"class_list":["post-7127","post","type-post","status-publish","format-standard","has-post-thumbnail","hentry","category-uncategorized"],"_links":{"self":[{"href":"https:\/\/suanoticiaaqui.com.br\/news\/wp-json\/wp\/v2\/posts\/7127","targetHints":{"allow":["GET"]}}],"collection":[{"href":"https:\/\/suanoticiaaqui.com.br\/news\/wp-json\/wp\/v2\/posts"}],"about":[{"href":"https:\/\/suanoticiaaqui.com.br\/news\/wp-json\/wp\/v2\/types\/post"}],"author":[{"embeddable":true,"href":"https:\/\/suanoticiaaqui.com.br\/news\/wp-json\/wp\/v2\/users\/1"}],"replies":[{"embeddable":true,"href":"https:\/\/suanoticiaaqui.com.br\/news\/wp-json\/wp\/v2\/comments?post=7127"}],"version-history":[{"count":1,"href":"https:\/\/suanoticiaaqui.com.br\/news\/wp-json\/wp\/v2\/posts\/7127\/revisions"}],"predecessor-version":[{"id":7129,"href":"https:\/\/suanoticiaaqui.com.br\/news\/wp-json\/wp\/v2\/posts\/7127\/revisions\/7129"}],"wp:featuredmedia":[{"embeddable":true,"href":"https:\/\/suanoticiaaqui.com.br\/news\/wp-json\/wp\/v2\/media\/7128"}],"wp:attachment":[{"href":"https:\/\/suanoticiaaqui.com.br\/news\/wp-json\/wp\/v2\/media?parent=7127"}],"wp:term":[{"taxonomy":"category","embeddable":true,"href":"https:\/\/suanoticiaaqui.com.br\/news\/wp-json\/wp\/v2\/categories?post=7127"},{"taxonomy":"post_tag","embeddable":true,"href":"https:\/\/suanoticiaaqui.com.br\/news\/wp-json\/wp\/v2\/tags?post=7127"}],"curies":[{"name":"wp","href":"https:\/\/api.w.org\/{rel}","templated":true}]}}