{"id":7136,"date":"2025-07-31T10:46:50","date_gmt":"2025-07-31T14:46:50","guid":{"rendered":"https:\/\/suanoticiaaqui.com.br\/news\/?p=7136"},"modified":"2025-07-31T10:46:50","modified_gmt":"2025-07-31T14:46:50","slug":"alegando-agressoes-contra-a-mae-adolescente-esquarteja-padrasto-em-aldeia","status":"publish","type":"post","link":"https:\/\/suanoticiaaqui.com.br\/news\/2025\/07\/31\/alegando-agressoes-contra-a-mae-adolescente-esquarteja-padrasto-em-aldeia\/","title":{"rendered":"Alegando agress\u00f5es contra a m\u00e3e, adolescente esquarteja padrasto em aldeia"},"content":{"rendered":"\n<ul class=\"wp-block-list\">\n<li>por Luiz Guilherme<\/li>\n<\/ul>\n\n\n\n<p>Na noite desta quarta-feira (30\/7), ind\u00edgena identificado como Clanderson Vilhalva Arce, foi morto a golpes de faca na Aldeia Nhu Por\u00e3, localizada \u00e0s margens da BR-163, em Dourados. O autor do homic\u00eddio brutal \u00e9 o enteado da v\u00edtima, um adolescente de 17 anos.<\/p>\n\n\n\n<p>Conforme informa\u00e7\u00f5es apuradas pela reportagem, o corpo apresentava sinais de luta, com cabe\u00e7a, bra\u00e7os e p\u00e9s separados. O menor foi preso pela PM (Pol\u00edcia Militar) ainda no local do crime.<\/p>\n\n\n\n<p>O menor contou que matou o padrasto ap\u00f3s uma briga familiar. Segundo ele, Clanderson agrediu sua m\u00e3e. \u201cEle estava discutindo e agredindo minha m\u00e3e. Ela j\u00e1 tinha medida protetiva, com mandado de pris\u00e3o aberto por viol\u00eancia. Eu tentei intervir, mas a situa\u00e7\u00e3o saiu do controle\u201d, disse o jovem \u00e0 pol\u00edcia.<\/p>\n\n\n\n<p>O adolescente ainda afirmou que comprou o machado inicialmente para trabalhar, contudo, confessou que tinha ressentimentos contra o padrasto por agress\u00f5es anteriores \u00e0 m\u00e3e e amea\u00e7as \u00e0 fam\u00edlia.<\/p>\n\n\n\n<p>Por fim, o autor ainda contou que durante a agress\u00e3o, ele aplicou v\u00e1rios golpes at\u00e9 o padrasto morrer. Ele foi decapitado e esquartejado. \u201cO cara queria dar um chute. Ele queria dar um chute em mim, queria me bater. Nisso, eu peguei e bati na perna dele\u201d, disse.<\/p>\n\n\n\n<p>O caso segue sob investiga\u00e7\u00e3o da PC (Pol\u00edcia Civil).<\/p>\n","protected":false},"excerpt":{"rendered":"<p>Na noite desta quarta-feira (30\/7), ind\u00edgena identificado como Clanderson Vilhalva Arce, foi morto a golpes de faca na Aldeia Nhu&hellip;<\/p>\n","protected":false},"author":1,"featured_media":7137,"comment_status":"open","ping_status":"open","sticky":false,"template":"","format":"standard","meta":{"footnotes":""},"categories":[1],"tags":[],"class_list":["post-7136","post","type-post","status-publish","format-standard","has-post-thumbnail","hentry","category-uncategorized"],"_links":{"self":[{"href":"https:\/\/suanoticiaaqui.com.br\/news\/wp-json\/wp\/v2\/posts\/7136","targetHints":{"allow":["GET"]}}],"collection":[{"href":"https:\/\/suanoticiaaqui.com.br\/news\/wp-json\/wp\/v2\/posts"}],"about":[{"href":"https:\/\/suanoticiaaqui.com.br\/news\/wp-json\/wp\/v2\/types\/post"}],"author":[{"embeddable":true,"href":"https:\/\/suanoticiaaqui.com.br\/news\/wp-json\/wp\/v2\/users\/1"}],"replies":[{"embeddable":true,"href":"https:\/\/suanoticiaaqui.com.br\/news\/wp-json\/wp\/v2\/comments?post=7136"}],"version-history":[{"count":1,"href":"https:\/\/suanoticiaaqui.com.br\/news\/wp-json\/wp\/v2\/posts\/7136\/revisions"}],"predecessor-version":[{"id":7138,"href":"https:\/\/suanoticiaaqui.com.br\/news\/wp-json\/wp\/v2\/posts\/7136\/revisions\/7138"}],"wp:featuredmedia":[{"embeddable":true,"href":"https:\/\/suanoticiaaqui.com.br\/news\/wp-json\/wp\/v2\/media\/7137"}],"wp:attachment":[{"href":"https:\/\/suanoticiaaqui.com.br\/news\/wp-json\/wp\/v2\/media?parent=7136"}],"wp:term":[{"taxonomy":"category","embeddable":true,"href":"https:\/\/suanoticiaaqui.com.br\/news\/wp-json\/wp\/v2\/categories?post=7136"},{"taxonomy":"post_tag","embeddable":true,"href":"https:\/\/suanoticiaaqui.com.br\/news\/wp-json\/wp\/v2\/tags?post=7136"}],"curies":[{"name":"wp","href":"https:\/\/api.w.org\/{rel}","templated":true}]}}