{"id":7139,"date":"2025-07-31T10:47:39","date_gmt":"2025-07-31T14:47:39","guid":{"rendered":"https:\/\/suanoticiaaqui.com.br\/news\/?p=7139"},"modified":"2025-07-31T10:47:39","modified_gmt":"2025-07-31T14:47:39","slug":"chiquini-pede-anulacao-de-decisoes-de-moraes-e-cita-morte-economica","status":"publish","type":"post","link":"https:\/\/suanoticiaaqui.com.br\/news\/2025\/07\/31\/chiquini-pede-anulacao-de-decisoes-de-moraes-e-cita-morte-economica\/","title":{"rendered":"Chiquini pede anula\u00e7\u00e3o de decis\u00f5es de Moraes e cita &#8216;morte econ\u00f4mica&#8217;"},"content":{"rendered":"\n<p>Advogado critica abusos no STF e diz que san\u00e7\u00f5es dos EUA colocam Moraes no patamar de ditadores latino-americanos<\/p>\n\n\n\n<ul class=\"wp-block-list\">\n<li><a href=\"https:\/\/bradockshow.com.br\/author\/marcotoledo\/\"><\/a>por <a href=\"https:\/\/bradockshow.com.br\/author\/marcotoledo\/\">Marco Toledo<\/a><\/li>\n<\/ul>\n\n\n\n<p>O advogado criminalista Jeffrey Chiquini defendeu a anula\u00e7\u00e3o de todas as decis\u00f5es assinadas por Alexandre de Moraes nos processos ligados aos atos de 8 de janeiro.<\/p>\n\n\n\n<p>Em v\u00eddeo e entrevista ao programa&nbsp;<em>Faroeste \u00e0 Brasileira<\/em>, afirmou que as condena\u00e7\u00f5es do STF s\u00e3o \u201cpol\u00edticas, desproporcionais e sem base jur\u00eddica\u201d, com penas de at\u00e9 17 anos. Segundo ele, Moraes atuou como investigador, promotor e juiz, violando princ\u00edpios constitucionais e tratados internacionais.<\/p>\n\n\n\n<p>Chiquini, que representa o ex-assessor Filipe Martins, disse que o Brasil \u201cdescumpriu conven\u00e7\u00f5es\u201d e agora enfrenta as consequ\u00eancias. Ele tamb\u00e9m comentou as san\u00e7\u00f5es impostas pelos EUA a Moraes sob a Lei Magnitsky, chamando-as de \u201cmorte econ\u00f4mica\u201d, j\u00e1 que o ministro foi exclu\u00eddo do sistema financeiro internacional e da rede Swift.<\/p>\n\n\n\n<p>Para o advogado, o mundo agora enxerga Moraes como violador de direitos humanos. Ele defende a liberta\u00e7\u00e3o dos r\u00e9us do 8 de janeiro e a nulidade de todos os atos do ministro. O STF n\u00e3o respondeu.<\/p>\n","protected":false},"excerpt":{"rendered":"<p>Advogado critica abusos no STF e diz que san\u00e7\u00f5es dos EUA colocam Moraes no patamar de ditadores latino-americanos O advogado&hellip;<\/p>\n","protected":false},"author":1,"featured_media":7140,"comment_status":"open","ping_status":"open","sticky":false,"template":"","format":"standard","meta":{"footnotes":""},"categories":[1],"tags":[],"class_list":["post-7139","post","type-post","status-publish","format-standard","has-post-thumbnail","hentry","category-uncategorized"],"_links":{"self":[{"href":"https:\/\/suanoticiaaqui.com.br\/news\/wp-json\/wp\/v2\/posts\/7139","targetHints":{"allow":["GET"]}}],"collection":[{"href":"https:\/\/suanoticiaaqui.com.br\/news\/wp-json\/wp\/v2\/posts"}],"about":[{"href":"https:\/\/suanoticiaaqui.com.br\/news\/wp-json\/wp\/v2\/types\/post"}],"author":[{"embeddable":true,"href":"https:\/\/suanoticiaaqui.com.br\/news\/wp-json\/wp\/v2\/users\/1"}],"replies":[{"embeddable":true,"href":"https:\/\/suanoticiaaqui.com.br\/news\/wp-json\/wp\/v2\/comments?post=7139"}],"version-history":[{"count":1,"href":"https:\/\/suanoticiaaqui.com.br\/news\/wp-json\/wp\/v2\/posts\/7139\/revisions"}],"predecessor-version":[{"id":7141,"href":"https:\/\/suanoticiaaqui.com.br\/news\/wp-json\/wp\/v2\/posts\/7139\/revisions\/7141"}],"wp:featuredmedia":[{"embeddable":true,"href":"https:\/\/suanoticiaaqui.com.br\/news\/wp-json\/wp\/v2\/media\/7140"}],"wp:attachment":[{"href":"https:\/\/suanoticiaaqui.com.br\/news\/wp-json\/wp\/v2\/media?parent=7139"}],"wp:term":[{"taxonomy":"category","embeddable":true,"href":"https:\/\/suanoticiaaqui.com.br\/news\/wp-json\/wp\/v2\/categories?post=7139"},{"taxonomy":"post_tag","embeddable":true,"href":"https:\/\/suanoticiaaqui.com.br\/news\/wp-json\/wp\/v2\/tags?post=7139"}],"curies":[{"name":"wp","href":"https:\/\/api.w.org\/{rel}","templated":true}]}}