{"id":7142,"date":"2025-07-31T10:48:34","date_gmt":"2025-07-31T14:48:34","guid":{"rendered":"https:\/\/suanoticiaaqui.com.br\/news\/?p=7142"},"modified":"2025-07-31T10:48:34","modified_gmt":"2025-07-31T14:48:34","slug":"eua-impoem-sancoes-e-lula-reclama-de-interferencia","status":"publish","type":"post","link":"https:\/\/suanoticiaaqui.com.br\/news\/2025\/07\/31\/eua-impoem-sancoes-e-lula-reclama-de-interferencia\/","title":{"rendered":"EUA imp\u00f5em san\u00e7\u00f5es e Lula reclama de &#8216;interfer\u00eancia&#8217;"},"content":{"rendered":"\n<p>Tarifas sobem, Moraes \u00e9 punido, e Lula reage em tom de v\u00edtima internacional<\/p>\n\n\n\n<ul class=\"wp-block-list\">\n<li><a href=\"https:\/\/bradockshow.com.br\/author\/marcotoledo\/\"><\/a>por <a href=\"https:\/\/bradockshow.com.br\/author\/marcotoledo\/\">Marco Toledo<\/a><\/li>\n<\/ul>\n\n\n\n<p>O presidente Luiz In\u00e1cio Lula da Silva classificou como \u201cinaceit\u00e1vel\u201d a decis\u00e3o do presidente dos Estados Unidos, Donald Trump, de aplicar san\u00e7\u00f5es contra o ministro Alexandre de Moraes, do STF, e elevar tarifas sobre produtos brasileiros. A medida, baseada na Lei Magnitsky, que pune agentes envolvidos em viola\u00e7\u00f5es de direitos humanos, exp\u00f5e a insatisfa\u00e7\u00e3o americana com os rumos autorit\u00e1rios da Justi\u00e7a brasileira e com o cerco judicial contra apoiadores de Jair Bolsonaro.<\/p>\n\n\n\n<p>Trump tamb\u00e9m elevou para at\u00e9 50% as tarifas de importa\u00e7\u00e3o de diversos produtos brasileiros, alegando \u201camea\u00e7as incomuns e extraordin\u00e1rias\u201d \u00e0 seguran\u00e7a nacional e \u00e0 economia dos EUA.<\/p>\n\n\n\n<p>Apesar da retalia\u00e7\u00e3o, produtos estrat\u00e9gicos ao com\u00e9rcio americano, como aeronaves e suco de laranja, foram poupados.<\/p>\n\n\n\n<p>Em nota, Lula acusou parlamentares brasileiros de colaborarem com a\u00e7\u00f5es estrangeiras e tentou posar de defensor da soberania nacional, ignorando as crescentes den\u00fancias internacionais sobre censura e repress\u00e3o pol\u00edtica no Brasil.<\/p>\n","protected":false},"excerpt":{"rendered":"<p>Tarifas sobem, Moraes \u00e9 punido, e Lula reage em tom de v\u00edtima internacional O presidente Luiz In\u00e1cio Lula da Silva&hellip;<\/p>\n","protected":false},"author":1,"featured_media":7143,"comment_status":"open","ping_status":"open","sticky":false,"template":"","format":"standard","meta":{"footnotes":""},"categories":[1],"tags":[],"class_list":["post-7142","post","type-post","status-publish","format-standard","has-post-thumbnail","hentry","category-uncategorized"],"_links":{"self":[{"href":"https:\/\/suanoticiaaqui.com.br\/news\/wp-json\/wp\/v2\/posts\/7142","targetHints":{"allow":["GET"]}}],"collection":[{"href":"https:\/\/suanoticiaaqui.com.br\/news\/wp-json\/wp\/v2\/posts"}],"about":[{"href":"https:\/\/suanoticiaaqui.com.br\/news\/wp-json\/wp\/v2\/types\/post"}],"author":[{"embeddable":true,"href":"https:\/\/suanoticiaaqui.com.br\/news\/wp-json\/wp\/v2\/users\/1"}],"replies":[{"embeddable":true,"href":"https:\/\/suanoticiaaqui.com.br\/news\/wp-json\/wp\/v2\/comments?post=7142"}],"version-history":[{"count":1,"href":"https:\/\/suanoticiaaqui.com.br\/news\/wp-json\/wp\/v2\/posts\/7142\/revisions"}],"predecessor-version":[{"id":7144,"href":"https:\/\/suanoticiaaqui.com.br\/news\/wp-json\/wp\/v2\/posts\/7142\/revisions\/7144"}],"wp:featuredmedia":[{"embeddable":true,"href":"https:\/\/suanoticiaaqui.com.br\/news\/wp-json\/wp\/v2\/media\/7143"}],"wp:attachment":[{"href":"https:\/\/suanoticiaaqui.com.br\/news\/wp-json\/wp\/v2\/media?parent=7142"}],"wp:term":[{"taxonomy":"category","embeddable":true,"href":"https:\/\/suanoticiaaqui.com.br\/news\/wp-json\/wp\/v2\/categories?post=7142"},{"taxonomy":"post_tag","embeddable":true,"href":"https:\/\/suanoticiaaqui.com.br\/news\/wp-json\/wp\/v2\/tags?post=7142"}],"curies":[{"name":"wp","href":"https:\/\/api.w.org\/{rel}","templated":true}]}}