{"id":7148,"date":"2025-07-31T11:13:48","date_gmt":"2025-07-31T15:13:48","guid":{"rendered":"https:\/\/suanoticiaaqui.com.br\/news\/?p=7148"},"modified":"2025-07-31T11:13:48","modified_gmt":"2025-07-31T15:13:48","slug":"homem-morto-em-mata-no-itamaraca-tinha-sinais-de-luta-e-fios-de-cabelo-nas-maoscorpo-com-cortes-profundos-no-pescoco-e-na-regiao-lombar-foi-localizado-na-quarta-feira-30-de-agosto","status":"publish","type":"post","link":"https:\/\/suanoticiaaqui.com.br\/news\/2025\/07\/31\/homem-morto-em-mata-no-itamaraca-tinha-sinais-de-luta-e-fios-de-cabelo-nas-maoscorpo-com-cortes-profundos-no-pescoco-e-na-regiao-lombar-foi-localizado-na-quarta-feira-30-de-agosto\/","title":{"rendered":"Homem morto em mata no Itamarac\u00e1 tinha sinais de luta e fios de cabelo nas m\u00e3osCorpo com cortes profundos no pesco\u00e7o e na regi\u00e3o lombar foi localizado na quarta-feira, 30 de agosto"},"content":{"rendered":"\n<p>Por Gabi Cenciarelli <\/p>\n\n\n\n<p>A Pol\u00edcia Civil agora investiga como homic\u00eddio simples a morte do homem encontrado na tarde de quarta-feira (30) em uma \u00e1rea de mata no bairro Itamarac\u00e1, em Campo Grande. Exames preliminares da per\u00edcia revelaram que a v\u00edtima apresentava sinais de luta e tinha fios de cabelo nas m\u00e3os, ind\u00edcio de que tentou se defender antes de ser morta.<\/p>\n\n\n\n<p>O corpo estava em meio \u00e0 vegeta\u00e7\u00e3o, pr\u00f3ximo ao pontilh\u00e3o do anel vi\u00e1rio e aos fundos de uma loja de autope\u00e7as. Al\u00e9m das marcas de resist\u00eancia, havia ferimentos profundos no pesco\u00e7o e na regi\u00e3o lombar, provocados possivelmente por faca ou outro objeto cortante.<br>Corpo com sinais de viol\u00eancia \u00e9 encontrado em mata no Itamarac\u00e1<br>Apesar de ser isolado e sem c\u00e2meras de seguran\u00e7a nas imedia\u00e7\u00f5es, o local foi periciado e o material gen\u00e9tico encontrado pode ajudar a identificar o autor do crime. A suspeita \u00e9 de que o homem fosse morador em situa\u00e7\u00e3o de rua, o que ainda ser\u00e1 confirmado. Ele ainda n\u00e3o foi identificado.<\/p>\n\n\n\n<p>Inicialmente registrado como achado de cad\u00e1ver na Depac Cepol, o caso foi reclassificado como homic\u00eddio e repassado \u00e0 Delegacia Especializada de Homic\u00eddios (DHPP), que assume as apura\u00e7\u00f5es\u2026. veja mais em https:\/\/www.campograndenews.com.br\/cidades\/capital\/homem-morto-em-mata-no-itamaraca-tinha-sinais-de-luta-e-fios-de-cabelo-nas-maos<\/p>\n","protected":false},"excerpt":{"rendered":"<p>Por Gabi Cenciarelli A Pol\u00edcia Civil agora investiga como homic\u00eddio simples a morte do homem encontrado na tarde de quarta-feira&hellip;<\/p>\n","protected":false},"author":1,"featured_media":7149,"comment_status":"open","ping_status":"open","sticky":false,"template":"","format":"standard","meta":{"footnotes":""},"categories":[1],"tags":[],"class_list":["post-7148","post","type-post","status-publish","format-standard","has-post-thumbnail","hentry","category-uncategorized"],"_links":{"self":[{"href":"https:\/\/suanoticiaaqui.com.br\/news\/wp-json\/wp\/v2\/posts\/7148","targetHints":{"allow":["GET"]}}],"collection":[{"href":"https:\/\/suanoticiaaqui.com.br\/news\/wp-json\/wp\/v2\/posts"}],"about":[{"href":"https:\/\/suanoticiaaqui.com.br\/news\/wp-json\/wp\/v2\/types\/post"}],"author":[{"embeddable":true,"href":"https:\/\/suanoticiaaqui.com.br\/news\/wp-json\/wp\/v2\/users\/1"}],"replies":[{"embeddable":true,"href":"https:\/\/suanoticiaaqui.com.br\/news\/wp-json\/wp\/v2\/comments?post=7148"}],"version-history":[{"count":1,"href":"https:\/\/suanoticiaaqui.com.br\/news\/wp-json\/wp\/v2\/posts\/7148\/revisions"}],"predecessor-version":[{"id":7150,"href":"https:\/\/suanoticiaaqui.com.br\/news\/wp-json\/wp\/v2\/posts\/7148\/revisions\/7150"}],"wp:featuredmedia":[{"embeddable":true,"href":"https:\/\/suanoticiaaqui.com.br\/news\/wp-json\/wp\/v2\/media\/7149"}],"wp:attachment":[{"href":"https:\/\/suanoticiaaqui.com.br\/news\/wp-json\/wp\/v2\/media?parent=7148"}],"wp:term":[{"taxonomy":"category","embeddable":true,"href":"https:\/\/suanoticiaaqui.com.br\/news\/wp-json\/wp\/v2\/categories?post=7148"},{"taxonomy":"post_tag","embeddable":true,"href":"https:\/\/suanoticiaaqui.com.br\/news\/wp-json\/wp\/v2\/tags?post=7148"}],"curies":[{"name":"wp","href":"https:\/\/api.w.org\/{rel}","templated":true}]}}