{"id":7154,"date":"2025-07-31T11:17:40","date_gmt":"2025-07-31T15:17:40","guid":{"rendered":"https:\/\/suanoticiaaqui.com.br\/news\/?p=7154"},"modified":"2025-07-31T11:17:40","modified_gmt":"2025-07-31T15:17:40","slug":"ja-tinha-essa-maldade-na-mente-diz-adolescente-que-esquartejou-padrastoem-entrevista-logo-apos-ser-detido-jovem-disse-que-praticou-o-crime-para-defender-a-mae","status":"publish","type":"post","link":"https:\/\/suanoticiaaqui.com.br\/news\/2025\/07\/31\/ja-tinha-essa-maldade-na-mente-diz-adolescente-que-esquartejou-padrastoem-entrevista-logo-apos-ser-detido-jovem-disse-que-praticou-o-crime-para-defender-a-mae\/","title":{"rendered":"\u201cJ\u00e1 tinha essa maldade na mente\u201d, diz adolescente que esquartejou padrastoEm entrevista logo ap\u00f3s ser detido, jovem disse que praticou o crime para defender a m\u00e3e"},"content":{"rendered":"\n<p>Por Helio de Freitas, de Dourados<\/p>\n\n\n\n<p>O adolescente de 17 anos que decapitou e esquartejou o padrasto usando um machado, na noite desta quarta-feira (30), alegou ter praticado o crime em defesa da m\u00e3e. A v\u00edtima, Clanderson Vilhalva Arce, 28, tinha hist\u00f3rico de viol\u00eancia contra a mulher &#8211; de 57 anos.<\/p>\n\n\n\n<p>O assassinato com requintes de crueldade ocorreu na comunidade ind\u00edgena Nhu Por\u00e3, localizada na margem da BR-163, regi\u00e3o sul de Dourados, a 251 km de Campo Grande.<\/p>\n\n\n\n<p>\u201cComprei [o machado] para trabalhar, mas eu j\u00e1 tinha essa maldade na minha cabe\u00e7a. Ele j\u00e1 tinha amea\u00e7ado minha m\u00e3e, amea\u00e7ado a gente tamb\u00e9m\u201d, disse o adolescente em entrevista a rep\u00f3rteres que cobrem o setor policial logo ap\u00f3s ser detido pela Pol\u00edcia Militar (ou\u00e7a o \u00e1udio abaixo).<\/p>\n\n\n\n<p>Perguntado o motivo de ter decepado os p\u00e9s de Clanderson, o adolescente disse que, antes de morrer, o padrasto tentou desferir chutes nele. Peda\u00e7os do corpo ficaram espalhados no ch\u00e3o. Ao lado estava o machado da marca Tramontina, aparentemente novo.<\/p>\n\n\n\n<p>O adolescente n\u00e3o tentou fugir ou se esconder. Permaneceu na cena do crime at\u00e9 a chegada da Pol\u00edcia Militar e de imediato confessou o crime. \u201cSe ele levantasse 100 vezes, eu mataria ele 100 vezes\u201d, disse o autor em entrevista \u00e0 uma emissora de TV da cidade.<\/p>\n\n\n\n<p>Clanderson Vilhalva Arce estava com pris\u00e3o preventiva decretada por causa da viol\u00eancia contra a m\u00e3e do adolescente. Ele j\u00e1 havia sido preso pelos mesmos crimes, mas foi colocado em liberdade provis\u00f3ria pela Justi\u00e7a e logo voltou a espancar e amea\u00e7ar a mulher.<\/p>\n\n\n\n<p>Na noite desta quarta, conforme ocorr\u00eancia da Pol\u00edcia Militar, Clanderson teria desferido uma paulada na cabe\u00e7a da mulher durante outra briga do casal.<\/p>\n\n\n\n<p>Testemunhas ouvidas pela PM afirmaram que, em rea\u00e7\u00e3o \u00e0 agress\u00e3o da m\u00e3e, o jovem se apoderou do machado e desferiu o primeiro golpe nas costas de Clanderson. O homem caiu no ch\u00e3o.<\/p>\n\n\n\n<p>Em estado de f\u00faria, o adolescente aplicou m\u00faltiplos golpes, resultando na decapita\u00e7\u00e3o da v\u00edtima e na separa\u00e7\u00e3o de seus membros superiores e inferiores. O autor segue detido na carceragem da Depac (Delegacia de Pronto Atendimento Comunit\u00e1rio)<\/p>\n\n\n\n<p><\/p>\n","protected":false},"excerpt":{"rendered":"<p>Por Helio de Freitas, de Dourados O adolescente de 17 anos que decapitou e esquartejou o padrasto usando um machado,&hellip;<\/p>\n","protected":false},"author":1,"featured_media":7155,"comment_status":"open","ping_status":"open","sticky":false,"template":"","format":"standard","meta":{"footnotes":""},"categories":[1],"tags":[],"class_list":["post-7154","post","type-post","status-publish","format-standard","has-post-thumbnail","hentry","category-uncategorized"],"_links":{"self":[{"href":"https:\/\/suanoticiaaqui.com.br\/news\/wp-json\/wp\/v2\/posts\/7154","targetHints":{"allow":["GET"]}}],"collection":[{"href":"https:\/\/suanoticiaaqui.com.br\/news\/wp-json\/wp\/v2\/posts"}],"about":[{"href":"https:\/\/suanoticiaaqui.com.br\/news\/wp-json\/wp\/v2\/types\/post"}],"author":[{"embeddable":true,"href":"https:\/\/suanoticiaaqui.com.br\/news\/wp-json\/wp\/v2\/users\/1"}],"replies":[{"embeddable":true,"href":"https:\/\/suanoticiaaqui.com.br\/news\/wp-json\/wp\/v2\/comments?post=7154"}],"version-history":[{"count":1,"href":"https:\/\/suanoticiaaqui.com.br\/news\/wp-json\/wp\/v2\/posts\/7154\/revisions"}],"predecessor-version":[{"id":7156,"href":"https:\/\/suanoticiaaqui.com.br\/news\/wp-json\/wp\/v2\/posts\/7154\/revisions\/7156"}],"wp:featuredmedia":[{"embeddable":true,"href":"https:\/\/suanoticiaaqui.com.br\/news\/wp-json\/wp\/v2\/media\/7155"}],"wp:attachment":[{"href":"https:\/\/suanoticiaaqui.com.br\/news\/wp-json\/wp\/v2\/media?parent=7154"}],"wp:term":[{"taxonomy":"category","embeddable":true,"href":"https:\/\/suanoticiaaqui.com.br\/news\/wp-json\/wp\/v2\/categories?post=7154"},{"taxonomy":"post_tag","embeddable":true,"href":"https:\/\/suanoticiaaqui.com.br\/news\/wp-json\/wp\/v2\/tags?post=7154"}],"curies":[{"name":"wp","href":"https:\/\/api.w.org\/{rel}","templated":true}]}}