{"id":7165,"date":"2025-08-01T09:37:11","date_gmt":"2025-08-01T13:37:11","guid":{"rendered":"https:\/\/suanoticiaaqui.com.br\/news\/?p=7165"},"modified":"2025-08-01T09:37:11","modified_gmt":"2025-08-01T13:37:11","slug":"conferencia-municipal-de-saude-debate-politicas-publicas-e-marca-despedida-da-secretaria-lucia-helena","status":"publish","type":"post","link":"https:\/\/suanoticiaaqui.com.br\/news\/2025\/08\/01\/conferencia-municipal-de-saude-debate-politicas-publicas-e-marca-despedida-da-secretaria-lucia-helena\/","title":{"rendered":"Confer\u00eancia Municipal de Sa\u00fade debate pol\u00edticas p\u00fablicas e marca despedida da secret\u00e1ria L\u00facia Helena"},"content":{"rendered":"\n<p>O evento, realizado no Hotel Fazenda Mato Grosso, re\u00fane representantes da sociedade civil, profissionais da \u00e1rea e conselheiros, com o objetivo de debater pol\u00edticas p\u00fablicas que ir\u00e3o nortear o Plano Plurianual (PPA)<\/p>\n\n\n\n<ul class=\"wp-block-list\">\n<li><a href=\"https:\/\/bradockshow.com.br\/author\/marcotoledo\/\"><\/a>por <a href=\"https:\/\/bradockshow.com.br\/author\/marcotoledo\/\">Marco Toledo<\/a><\/li>\n<\/ul>\n\n\n\n<p>Assessoria Ulisses Lalio<\/p>\n\n\n\n<p>O prefeito de Cuiab\u00e1, Abilio Brunini, ao lado da secret\u00e1ria municipal de Sa\u00fade e presidente Conselho Municipal de Sa\u00fade, dra. L\u00facia Helena Barboza Sampaio, abriu oficialmente, na manh\u00e3 desta quarta-feira (30), a 15\u00aa Confer\u00eancia Municipal de Sa\u00fade. O evento, realizado no Hotel Fazenda Mato Grosso, re\u00fane representantes da sociedade civil, profissionais da \u00e1rea e conselheiros, com o objetivo de debater pol\u00edticas p\u00fablicas que ir\u00e3o nortear o Plano Plurianual (PPA), a Lei Or\u00e7ament\u00e1ria Anual (LOA) e a Lei de Diretrizes Or\u00e7ament\u00e1rias (LDO).<\/p>\n\n\n\n<p>Com programa\u00e7\u00e3o distribu\u00edda ao longo de dois dias, a confer\u00eancia prop\u00f5e reflex\u00f5es fundamentais sobre o financiamento do SUS, a humaniza\u00e7\u00e3o do atendimento e a busca por mais efici\u00eancia na gest\u00e3o da sa\u00fade p\u00fablica. Os temas ser\u00e3o discutidos em pain\u00e9is e grupos de trabalho, que dever\u00e3o resultar em propostas concretas para a melhoria dos servi\u00e7os oferecidos \u00e0 popula\u00e7\u00e3o cuiabana.<\/p>\n\n\n\n<p>Durante a abertura, a secret\u00e1ria L\u00facia Helena emocionou os presentes ao anunciar sua sa\u00edda do cargo, ap\u00f3s sete meses \u00e0 frente da pasta. Em seu discurso de despedida, ela destacou os desafios enfrentados desde o in\u00edcio da gest\u00e3o e enumerou avan\u00e7os como o reordenamento da rede, a reativa\u00e7\u00e3o de unidades b\u00e1sicas de sa\u00fade, a valoriza\u00e7\u00e3o dos servidores e a retomada de obras importantes, como as dos CAPS e do novo Centro de Atendimento Infantil, que funcionar\u00e1 no antigo Pronto-Socorro.<\/p>\n\n\n\n<p>O prefeito Abilio Brunini fez quest\u00e3o de elogiar publicamente o trabalho da gestora, destacando sua coragem em enfrentar problemas estruturais e sua dedica\u00e7\u00e3o em tempos de crises sanit\u00e1rias, como a recente epidemia de dengue e chikungunya. \u201cDra. L\u00facia foi essencial na reorganiza\u00e7\u00e3o da secretaria e no enfrentamento das adversidades. Sua gest\u00e3o \u00e9 um marco de responsabilidade e coragem\u201d, declarou.<\/p>\n\n\n\n<p>A programa\u00e7\u00e3o do evento segue na tarde desta quarta-feira com a participa\u00e7\u00e3o do ex-ministro Osmar Terra e prossegue nesta quinta-feira (31), com debates sobre humaniza\u00e7\u00e3o do atendimento, estrutura do SUS e controle social. Ao final, ser\u00e1 realizada a plen\u00e1ria de encerramento, onde as propostas debatidas ser\u00e3o consolidadas em documento que servir\u00e1 de base para as decis\u00f5es estrat\u00e9gicas na sa\u00fade do munic\u00edpio.<\/p>\n","protected":false},"excerpt":{"rendered":"<p>O evento, realizado no Hotel Fazenda Mato Grosso, re\u00fane representantes da sociedade civil, profissionais da \u00e1rea e conselheiros, com o&hellip;<\/p>\n","protected":false},"author":1,"featured_media":7166,"comment_status":"open","ping_status":"open","sticky":false,"template":"","format":"standard","meta":{"footnotes":""},"categories":[1],"tags":[],"class_list":["post-7165","post","type-post","status-publish","format-standard","has-post-thumbnail","hentry","category-uncategorized"],"_links":{"self":[{"href":"https:\/\/suanoticiaaqui.com.br\/news\/wp-json\/wp\/v2\/posts\/7165","targetHints":{"allow":["GET"]}}],"collection":[{"href":"https:\/\/suanoticiaaqui.com.br\/news\/wp-json\/wp\/v2\/posts"}],"about":[{"href":"https:\/\/suanoticiaaqui.com.br\/news\/wp-json\/wp\/v2\/types\/post"}],"author":[{"embeddable":true,"href":"https:\/\/suanoticiaaqui.com.br\/news\/wp-json\/wp\/v2\/users\/1"}],"replies":[{"embeddable":true,"href":"https:\/\/suanoticiaaqui.com.br\/news\/wp-json\/wp\/v2\/comments?post=7165"}],"version-history":[{"count":1,"href":"https:\/\/suanoticiaaqui.com.br\/news\/wp-json\/wp\/v2\/posts\/7165\/revisions"}],"predecessor-version":[{"id":7167,"href":"https:\/\/suanoticiaaqui.com.br\/news\/wp-json\/wp\/v2\/posts\/7165\/revisions\/7167"}],"wp:featuredmedia":[{"embeddable":true,"href":"https:\/\/suanoticiaaqui.com.br\/news\/wp-json\/wp\/v2\/media\/7166"}],"wp:attachment":[{"href":"https:\/\/suanoticiaaqui.com.br\/news\/wp-json\/wp\/v2\/media?parent=7165"}],"wp:term":[{"taxonomy":"category","embeddable":true,"href":"https:\/\/suanoticiaaqui.com.br\/news\/wp-json\/wp\/v2\/categories?post=7165"},{"taxonomy":"post_tag","embeddable":true,"href":"https:\/\/suanoticiaaqui.com.br\/news\/wp-json\/wp\/v2\/tags?post=7165"}],"curies":[{"name":"wp","href":"https:\/\/api.w.org\/{rel}","templated":true}]}}