{"id":7171,"date":"2025-08-01T09:39:57","date_gmt":"2025-08-01T13:39:57","guid":{"rendered":"https:\/\/suanoticiaaqui.com.br\/news\/?p=7171"},"modified":"2025-08-01T09:39:57","modified_gmt":"2025-08-01T13:39:57","slug":"caravana-da-castracao-inicia-2a-etapa-com-formacao-tecnica-para-municipios","status":"publish","type":"post","link":"https:\/\/suanoticiaaqui.com.br\/news\/2025\/08\/01\/caravana-da-castracao-inicia-2a-etapa-com-formacao-tecnica-para-municipios\/","title":{"rendered":"Caravana da Castra\u00e7\u00e3o inicia 2\u00aa etapa com forma\u00e7\u00e3o t\u00e9cnica para munic\u00edpios"},"content":{"rendered":"\n<ul class=\"wp-block-list\">\n<li>\u00a0por Ligado na Noticia<\/li>\n<\/ul>\n\n\n\n<p>O Governo de Mato Grosso do Sul, por meio da Suprova (Superintend\u00eancia de Pol\u00edticas Integradas de Prote\u00e7\u00e3o Animal), vinculada \u00e0 Setesc (Secretaria de Estado de Turismo, Esporte e Cultura), realizou nesta quarta-feira (30), em Tr\u00eas Lagoas, a capacita\u00e7\u00e3o t\u00e9cnica que marca o in\u00edcio da segunda etapa da Caravana da Castra\u00e7\u00e3o.<\/p>\n\n\n\n<p>O encontro reuniu representantes dos 13 munic\u00edpios que integram esta nova fase do projeto, com o objetivo de alinhar estrat\u00e9gias, fortalecer a organiza\u00e7\u00e3o log\u00edstica e garantir um atendimento seguro e eficiente \u00e0 popula\u00e7\u00e3o e aos animais. A capacita\u00e7\u00e3o aconteceu na C\u00e2mara Municipal e contou com oficinas pr\u00e1ticas, apresenta\u00e7\u00f5es t\u00e9cnicas e orienta\u00e7\u00f5es sobre fluxo log\u00edstico, mobiliza\u00e7\u00e3o comunit\u00e1ria e uso da ferramenta SigPet, respons\u00e1vel pelo cadastro e agendamento digital das castra\u00e7\u00f5es.<\/p>\n\n\n\n<p>Para o superintendente da Suprova, Carlos Eduardo Rodrigues, a capacita\u00e7\u00e3o representa mais do que um preparo t\u00e9cnico. \u201cEsse encontro \u00e9 uma constru\u00e7\u00e3o coletiva de uma pol\u00edtica p\u00fablica que salva vidas. A Caravana representa cuidado com os animais, sa\u00fade p\u00fablica e respeito \u00e0s comunidades. Nossa miss\u00e3o \u00e9 garantir que esse servi\u00e7o chegue com qualidade e responsabilidade a cada canto do nosso estado\u201d, afirmou.<\/p>\n\n\n\n<p>Carlos tamb\u00e9m celebrou os resultados da primeira regi\u00e3o e refor\u00e7ou a import\u00e2ncia do alinhamento para manter o padr\u00e3o de excel\u00eancia. \u201cEstamos prestes a encerrar a primeira regi\u00e3o, com a meta de 5 mil animais castrados. Esse resultado s\u00f3 foi poss\u00edvel gra\u00e7as ao trabalho exemplar dos pontos focais na mobiliza\u00e7\u00e3o, log\u00edstica e organiza\u00e7\u00e3o local. Agora, com a segunda regi\u00e3o, seguimos fortalecendo esse padr\u00e3o de sucesso\u201d.<\/p>\n\n\n\n<p>Al\u00e9m de orienta\u00e7\u00f5es t\u00e9cnicas, a capacita\u00e7\u00e3o incluiu pautas educativas sobre bem-estar animal, guarda respons\u00e1vel e combate aos maus-tratos. Para a diretora do Departamento de Meio Ambiente de Tr\u00eas Lagoas, Maria Fernanda Marques Dias, o momento foi essencial para padronizar atendimentos. \u201cEsse preparo t\u00e9cnico \u00e9 fundamental para garantir um servi\u00e7o \u00e9tico, organizado e eficiente \u00e0 popula\u00e7\u00e3o. Ao capacitarmos as equipes, fortalecemos o compromisso coletivo com a sa\u00fade p\u00fablica e a prote\u00e7\u00e3o animal. Agrade\u00e7o \u00e0 Suprova pela parceria\u201d.<\/p>\n\n\n\n<p>A segunda regi\u00e3o da Caravana da Castra\u00e7\u00e3o vai contemplar 13 cidades: Inoc\u00eancia (primeira cidade a ser atendida), Tr\u00eas Lagoas, Brasil\u00e2ndia, Chapad\u00e3o do Sul, Bataguassu, Bataypor\u00e3, Selv\u00edria, Novo Horizonte do Sul, Cassil\u00e2ndia, Nova Andradina, Anauril\u00e2ndia, Santa Rita do Pardo e Parana\u00edba.<\/p>\n\n\n\n<p>Presente na capacita\u00e7\u00e3o, o secret\u00e1rio de Estado de Turismo, Esporte e Cultura, Marcelo Miranda, refor\u00e7ou o papel transformador da a\u00e7\u00e3o. \u201cA Caravana \u00e9 uma iniciativa que une sa\u00fade p\u00fablica, responsabilidade social e bem-estar animal. \u00c9 uma pol\u00edtica de governo que chega \u00e0s pessoas, transforma realidades e fortalece o compromisso do Estado com aqueles que mais precisam. O sucesso da primeira etapa mostra que estamos no caminho certo e vamos avan\u00e7ar com a mesma dedica\u00e7\u00e3o nesta nova fase\u201d.<\/p>\n\n\n\n<p>Com meta de mais de 20 mil castra\u00e7\u00f5es em 45 munic\u00edpios, a Caravana da Castra\u00e7\u00e3o \u00e9 uma pol\u00edtica p\u00fablica permanente do Governo do Estado. Al\u00e9m do controle populacional \u00e9tico de c\u00e3es e gatos, a a\u00e7\u00e3o oferece microchipagem, atendimento gratuito e a\u00e7\u00f5es educativas que promovem dignidade e preven\u00e7\u00e3o de zoonoses.<\/p>\n\n\n\n<p>Ainda na primeira etapa, a Caravana da Castra\u00e7\u00e3o segue por diversos munic\u00edpios sul-mato-grossenses, com datas j\u00e1 confirmadas:<\/p>\n\n\n\n<p>Aquidauana: 1\u00ba a 5 de agosto (agendamento: 31 de julho)<\/p>\n\n\n\n<p>Lad\u00e1rio: 7 e 8 de agosto (agendamento: 6 de agosto)<\/p>\n\n\n\n<p>Corumb\u00e1: 11 a 20 de agosto (agendamento: 9 e 10 de agosto)<\/p>\n\n\n\n<p>A estimativa \u00e9 de que milhares de animais sejam atendidos com castra\u00e7\u00e3o segura, microchipagem e atendimento p\u00f3s-operat\u00f3rio gratuito. O servi\u00e7o \u00e9 agendado exclusivamente pelo site oficial da ferramenta digital:&nbsp;<a href=\"http:\/\/www.sigpet.ms.gov.br\/\" target=\"_blank\" rel=\"noreferrer noopener\">www.sigpet.ms.gov.br<\/a>.<\/p>\n","protected":false},"excerpt":{"rendered":"<p>O Governo de Mato Grosso do Sul, por meio da Suprova (Superintend\u00eancia de Pol\u00edticas Integradas de Prote\u00e7\u00e3o Animal), vinculada \u00e0&hellip;<\/p>\n","protected":false},"author":1,"featured_media":7172,"comment_status":"open","ping_status":"open","sticky":false,"template":"","format":"standard","meta":{"footnotes":""},"categories":[1],"tags":[],"class_list":["post-7171","post","type-post","status-publish","format-standard","has-post-thumbnail","hentry","category-uncategorized"],"_links":{"self":[{"href":"https:\/\/suanoticiaaqui.com.br\/news\/wp-json\/wp\/v2\/posts\/7171","targetHints":{"allow":["GET"]}}],"collection":[{"href":"https:\/\/suanoticiaaqui.com.br\/news\/wp-json\/wp\/v2\/posts"}],"about":[{"href":"https:\/\/suanoticiaaqui.com.br\/news\/wp-json\/wp\/v2\/types\/post"}],"author":[{"embeddable":true,"href":"https:\/\/suanoticiaaqui.com.br\/news\/wp-json\/wp\/v2\/users\/1"}],"replies":[{"embeddable":true,"href":"https:\/\/suanoticiaaqui.com.br\/news\/wp-json\/wp\/v2\/comments?post=7171"}],"version-history":[{"count":1,"href":"https:\/\/suanoticiaaqui.com.br\/news\/wp-json\/wp\/v2\/posts\/7171\/revisions"}],"predecessor-version":[{"id":7173,"href":"https:\/\/suanoticiaaqui.com.br\/news\/wp-json\/wp\/v2\/posts\/7171\/revisions\/7173"}],"wp:featuredmedia":[{"embeddable":true,"href":"https:\/\/suanoticiaaqui.com.br\/news\/wp-json\/wp\/v2\/media\/7172"}],"wp:attachment":[{"href":"https:\/\/suanoticiaaqui.com.br\/news\/wp-json\/wp\/v2\/media?parent=7171"}],"wp:term":[{"taxonomy":"category","embeddable":true,"href":"https:\/\/suanoticiaaqui.com.br\/news\/wp-json\/wp\/v2\/categories?post=7171"},{"taxonomy":"post_tag","embeddable":true,"href":"https:\/\/suanoticiaaqui.com.br\/news\/wp-json\/wp\/v2\/tags?post=7171"}],"curies":[{"name":"wp","href":"https:\/\/api.w.org\/{rel}","templated":true}]}}