{"id":7174,"date":"2025-08-01T09:41:21","date_gmt":"2025-08-01T13:41:21","guid":{"rendered":"https:\/\/suanoticiaaqui.com.br\/news\/?p=7174"},"modified":"2025-08-01T09:41:21","modified_gmt":"2025-08-01T13:41:21","slug":"alexandre-de-moraes-prova-do-proprio-veneno-afirma-marcel-van-hattem-sobre-sancao-dos-eua-ao-ministro-do-stf","status":"publish","type":"post","link":"https:\/\/suanoticiaaqui.com.br\/news\/2025\/08\/01\/alexandre-de-moraes-prova-do-proprio-veneno-afirma-marcel-van-hattem-sobre-sancao-dos-eua-ao-ministro-do-stf\/","title":{"rendered":"&#8216;Alexandre de Moraes prova do pr\u00f3prio veneno&#8217;, afirma Marcel van Hattem sobre san\u00e7\u00e3o dos EUA ao ministro do STF"},"content":{"rendered":"\n<p>A declara\u00e7\u00e3o foi feita ap\u00f3s o an\u00fancio oficial de que o governo dos Estados Unidos sancionou Moraes com base na Lei Magnitsky<\/p>\n\n\n\n<ul class=\"wp-block-list\">\n<li><a href=\"https:\/\/bradockshow.com.br\/author\/marcotoledo\/\"><\/a>por <a href=\"https:\/\/bradockshow.com.br\/author\/marcotoledo\/\">Marco Toledo<\/a><\/li>\n<\/ul>\n\n\n\n<p>Assessoria \/ Silvana<\/p>\n\n\n\n<p>O deputado federal Marcel van Hattem (NOVO-RS) afirmou nesta quarta-feira (30), durante live no Instagram, que o ministro do Supremo Tribunal Federal (STF), Alexandre de Moraes, est\u00e1, finalmente, \u201cprovando do pr\u00f3prio veneno\u201d. A declara\u00e7\u00e3o foi feita ap\u00f3s o an\u00fancio oficial de que o governo dos Estados Unidos sancionou Moraes com base na Lei Magnitsky, que permite punir estrangeiros envolvidos em graves viola\u00e7\u00f5es de direitos humanos e corrup\u00e7\u00e3o.<\/p>\n\n\n\n<p>Segundo Van Hattem, a medida tem consequ\u00eancias severas e imediatas. \u201cQuaisquer bens ou ativos de Alexandre de Moraes nos Estados Unidos est\u00e3o automaticamente bloqueados. Ele tamb\u00e9m est\u00e1 proibido de entrar em territ\u00f3rio americano, teve o visto revogado e n\u00e3o pode mais realizar qualquer tipo de transa\u00e7\u00e3o com empresas americanas, nem nos EUA, nem aqui no Brasil. \u00c9 exatamente o que ele imp\u00f4s ilegalmente a muitos brasileiros e at\u00e9 a cidad\u00e3os estrangeiros nos \u00faltimos anos\u201d, destacou o parlamentar. \u201c<\/p>\n\n\n\n<p>O parlamentar lembrou que vem denunciando as a\u00e7\u00f5es de Moraes desde 2019, quando come\u00e7aram os inqu\u00e9ritos das fake news. \u201cAp\u00f3s as elei\u00e7\u00f5es de 2022, protocolei a CPI do Abuso de Autoridade, para investigar essas viola\u00e7\u00f5es. Infelizmente, a C\u00e2mara dos Deputados n\u00e3o reagiu \u00e0 altura, e tanto Arthur Lira quanto Hugo Motta m\u00e3o instalaram a Comiss\u00e3o. Agora, a puni\u00e7\u00e3o veio do exterior\u201d, afirma Marcel.<\/p>\n\n\n\n<p>Van Hattem defendeu que o Parlamento avance na instala\u00e7\u00e3o da CPI, na anula\u00e7\u00e3o dos processos relacionados ao 8 de Janeiro e na abertura de processos de impeachment contra ministros do Supremo que abusam de sua autoridade.<\/p>\n\n\n\n<p>Em tom de convoca\u00e7\u00e3o, Marcel concluiu com um apelo \u00e0 popula\u00e7\u00e3o: \u201cNo pr\u00f3ximo domingo, 3 de agosto, estarei nas ruas em Porto Alegre. Convoco todos os brasileiros a se manifestarem pacificamente. O povo na rua \u00e9 o que mais assusta quem se esconde atr\u00e1s de togas para impor uma ditadura no Brasil.\u201d<\/p>\n","protected":false},"excerpt":{"rendered":"<p>A declara\u00e7\u00e3o foi feita ap\u00f3s o an\u00fancio oficial de que o governo dos Estados Unidos sancionou Moraes com base na&hellip;<\/p>\n","protected":false},"author":1,"featured_media":7175,"comment_status":"open","ping_status":"open","sticky":false,"template":"","format":"standard","meta":{"footnotes":""},"categories":[1],"tags":[],"class_list":["post-7174","post","type-post","status-publish","format-standard","has-post-thumbnail","hentry","category-uncategorized"],"_links":{"self":[{"href":"https:\/\/suanoticiaaqui.com.br\/news\/wp-json\/wp\/v2\/posts\/7174","targetHints":{"allow":["GET"]}}],"collection":[{"href":"https:\/\/suanoticiaaqui.com.br\/news\/wp-json\/wp\/v2\/posts"}],"about":[{"href":"https:\/\/suanoticiaaqui.com.br\/news\/wp-json\/wp\/v2\/types\/post"}],"author":[{"embeddable":true,"href":"https:\/\/suanoticiaaqui.com.br\/news\/wp-json\/wp\/v2\/users\/1"}],"replies":[{"embeddable":true,"href":"https:\/\/suanoticiaaqui.com.br\/news\/wp-json\/wp\/v2\/comments?post=7174"}],"version-history":[{"count":1,"href":"https:\/\/suanoticiaaqui.com.br\/news\/wp-json\/wp\/v2\/posts\/7174\/revisions"}],"predecessor-version":[{"id":7176,"href":"https:\/\/suanoticiaaqui.com.br\/news\/wp-json\/wp\/v2\/posts\/7174\/revisions\/7176"}],"wp:featuredmedia":[{"embeddable":true,"href":"https:\/\/suanoticiaaqui.com.br\/news\/wp-json\/wp\/v2\/media\/7175"}],"wp:attachment":[{"href":"https:\/\/suanoticiaaqui.com.br\/news\/wp-json\/wp\/v2\/media?parent=7174"}],"wp:term":[{"taxonomy":"category","embeddable":true,"href":"https:\/\/suanoticiaaqui.com.br\/news\/wp-json\/wp\/v2\/categories?post=7174"},{"taxonomy":"post_tag","embeddable":true,"href":"https:\/\/suanoticiaaqui.com.br\/news\/wp-json\/wp\/v2\/tags?post=7174"}],"curies":[{"name":"wp","href":"https:\/\/api.w.org\/{rel}","templated":true}]}}