{"id":7177,"date":"2025-08-01T09:42:44","date_gmt":"2025-08-01T13:42:44","guid":{"rendered":"https:\/\/suanoticiaaqui.com.br\/news\/?p=7177"},"modified":"2025-08-01T09:42:44","modified_gmt":"2025-08-01T13:42:44","slug":"advogada-e-3-homens-sao-presos-por-envolvimento-em-assalto-a-muambeiros-em-dourados","status":"publish","type":"post","link":"https:\/\/suanoticiaaqui.com.br\/news\/2025\/08\/01\/advogada-e-3-homens-sao-presos-por-envolvimento-em-assalto-a-muambeiros-em-dourados\/","title":{"rendered":"Advogada e 3 homens s\u00e3o presos por envolvimento em assalto a muambeiros em Dourados"},"content":{"rendered":"\n<ul class=\"wp-block-list\">\n<li>por Luiz Guilherme<\/li>\n<\/ul>\n\n\n\n<p>A\u00e7\u00e3o conjunta entre o SIG (Setor de Investiga\u00e7\u00f5es Gerais) e a PRF (Pol\u00edcia Rodovi\u00e1ria Federal) prendeu tr\u00eas homens com idades entre 24 e 39 anos, nesta quinta-feira (31\/7), em Dourados, suspeitos de terem liga\u00e7\u00e3o no assalto contra dois muambeiros ocorrido na quarta (30\/7), por falsos policiais, no distrito de Vila Vargas.<\/p>\n\n\n\n<p>Uma advogada, mulher do l\u00edder do grupo, tamb\u00e9m \u00e9 acusada de envolvimento nos crimes e ser\u00e1 autuada.<\/p>\n\n\n\n<p>Com os presos, a pol\u00edcia encontrou um rev\u00f3lver e diversas mercadorias de origem estrangeira sem nota fiscal. Nesta sexta-feira (1\/8), o delegado Lucas Albe Veppo, chefe do Setor de Investiga\u00e7\u00f5es Gerais, deve divulgar mais detalhes do caso.<\/p>\n\n\n\n<p><strong>O crime<\/strong><\/p>\n\n\n\n<p>Os dois muambeiros foram assaltados por dois criminosos armados na noite de quarta-feira. A dupla se passou por policiais, invadiram a resid\u00eancia e roubaram o carro carregado com aproximadamente R$ 15 mil em mercadorias do Paraguai como cosm\u00e9ticos e inform\u00e1tica, al\u00e9m de um celular iPhone 15 Pro.<\/p>\n\n\n\n<p>Segundo um dos muambeiros, ele alugou a casa temporariamente enquanto fazia viagens ao Paraguai para compras. O homem estava com o colega, quando os dois indiv\u00edduos encapuzados pularam o port\u00e3o e arrombaram a porta da frente. Um deles estava armado com rev\u00f3lver.<\/p>\n\n\n\n<p>As v\u00edtimas foram agredidas com coronhadas na cabe\u00e7a e, em seguida, cobertas com um cobertor para serem imobilizadas. Os assaltantes exigiram a chave do carro, um Astra, onde estavam os produtos adquiridos no Paraguai. Antes de sa\u00edrem, afirmaram que abandonariam o carro na BR-163.<\/p>\n\n\n\n<p>Ap\u00f3s a fuga dos assaltantes, os dois homens tentaram seguir os suspeitos com outro carro, mas n\u00e3o conseguiram localiz\u00e1-los. Segundo as v\u00edtimas, a dupla usou uma picape Saveiro branca para chegar ao local.<\/p>\n","protected":false},"excerpt":{"rendered":"<p>A\u00e7\u00e3o conjunta entre o SIG (Setor de Investiga\u00e7\u00f5es Gerais) e a PRF (Pol\u00edcia Rodovi\u00e1ria Federal) prendeu tr\u00eas homens com idades&hellip;<\/p>\n","protected":false},"author":1,"featured_media":7178,"comment_status":"open","ping_status":"open","sticky":false,"template":"","format":"standard","meta":{"footnotes":""},"categories":[1],"tags":[],"class_list":["post-7177","post","type-post","status-publish","format-standard","has-post-thumbnail","hentry","category-uncategorized"],"_links":{"self":[{"href":"https:\/\/suanoticiaaqui.com.br\/news\/wp-json\/wp\/v2\/posts\/7177","targetHints":{"allow":["GET"]}}],"collection":[{"href":"https:\/\/suanoticiaaqui.com.br\/news\/wp-json\/wp\/v2\/posts"}],"about":[{"href":"https:\/\/suanoticiaaqui.com.br\/news\/wp-json\/wp\/v2\/types\/post"}],"author":[{"embeddable":true,"href":"https:\/\/suanoticiaaqui.com.br\/news\/wp-json\/wp\/v2\/users\/1"}],"replies":[{"embeddable":true,"href":"https:\/\/suanoticiaaqui.com.br\/news\/wp-json\/wp\/v2\/comments?post=7177"}],"version-history":[{"count":1,"href":"https:\/\/suanoticiaaqui.com.br\/news\/wp-json\/wp\/v2\/posts\/7177\/revisions"}],"predecessor-version":[{"id":7179,"href":"https:\/\/suanoticiaaqui.com.br\/news\/wp-json\/wp\/v2\/posts\/7177\/revisions\/7179"}],"wp:featuredmedia":[{"embeddable":true,"href":"https:\/\/suanoticiaaqui.com.br\/news\/wp-json\/wp\/v2\/media\/7178"}],"wp:attachment":[{"href":"https:\/\/suanoticiaaqui.com.br\/news\/wp-json\/wp\/v2\/media?parent=7177"}],"wp:term":[{"taxonomy":"category","embeddable":true,"href":"https:\/\/suanoticiaaqui.com.br\/news\/wp-json\/wp\/v2\/categories?post=7177"},{"taxonomy":"post_tag","embeddable":true,"href":"https:\/\/suanoticiaaqui.com.br\/news\/wp-json\/wp\/v2\/tags?post=7177"}],"curies":[{"name":"wp","href":"https:\/\/api.w.org\/{rel}","templated":true}]}}