{"id":7180,"date":"2025-08-01T09:43:39","date_gmt":"2025-08-01T13:43:39","guid":{"rendered":"https:\/\/suanoticiaaqui.com.br\/news\/?p=7180"},"modified":"2025-08-01T09:43:39","modified_gmt":"2025-08-01T13:43:39","slug":"fazenda-tenta-minimizar-sancoes-dos-eua-e-apela-a-retorica-da-soberania","status":"publish","type":"post","link":"https:\/\/suanoticiaaqui.com.br\/news\/2025\/08\/01\/fazenda-tenta-minimizar-sancoes-dos-eua-e-apela-a-retorica-da-soberania\/","title":{"rendered":"Fazenda tenta minimizar san\u00e7\u00f5es dos EUA e apela \u00e0 ret\u00f3rica da soberania"},"content":{"rendered":"\n<p>Governo reage com constrangimento e desvia foco de pr\u00e1ticas autorit\u00e1rias<\/p>\n\n\n\n<ul class=\"wp-block-list\">\n<li><a href=\"https:\/\/bradockshow.com.br\/author\/marcotoledo\/\"><\/a>por <a href=\"https:\/\/bradockshow.com.br\/author\/marcotoledo\/\">Marco Toledo<\/a><\/li>\n<\/ul>\n\n\n\n<p>O secret\u00e1rio-executivo da Fazenda, Dario Durigan, classificou como &#8220;ataque unilateral&#8221; as san\u00e7\u00f5es impostas pelos Estados Unidos ao ministro Alexandre de Moraes.<\/p>\n\n\n\n<p>Em um discurso defensivo, alegou que a medida fere a soberania brasileira e representa uma interven\u00e7\u00e3o em assuntos internos, chegando ao absurdo de citar o Pix como suposta v\u00edtima de desrespeito.<\/p>\n\n\n\n<p>Durigan afirmou que valores e soberania &#8220;n\u00e3o se negociam&#8221;, embora tenha ignorado que a san\u00e7\u00e3o nada tem a ver com economia, e sim com viola\u00e7\u00f5es de direitos humanos.<\/p>\n\n\n\n<p>A Lei Magnitsky, aplicada contra agentes autorit\u00e1rios, n\u00e3o \u00e9 um ataque, mas um reconhecimento internacional de abusos. A men\u00e7\u00e3o \u00e0 Constitui\u00e7\u00e3o de 1988 chega a soar ir\u00f4nica, considerando os atropelos cometidos por Moraes.<\/p>\n\n\n\n<p>A resposta do governo petista escancara o inc\u00f4modo de ver suas pr\u00e1ticas autorit\u00e1rias expostas globalmente. Em vez de refletir sobre os motivos das san\u00e7\u00f5es, prefere blindar o ministro e recorrer \u00e0 velha narrativa de vitimiza\u00e7\u00e3o.<\/p>\n","protected":false},"excerpt":{"rendered":"<p>Governo reage com constrangimento e desvia foco de pr\u00e1ticas autorit\u00e1rias O secret\u00e1rio-executivo da Fazenda, Dario Durigan, classificou como &#8220;ataque unilateral&#8221;&hellip;<\/p>\n","protected":false},"author":1,"featured_media":7181,"comment_status":"open","ping_status":"open","sticky":false,"template":"","format":"standard","meta":{"footnotes":""},"categories":[1],"tags":[],"class_list":["post-7180","post","type-post","status-publish","format-standard","has-post-thumbnail","hentry","category-uncategorized"],"_links":{"self":[{"href":"https:\/\/suanoticiaaqui.com.br\/news\/wp-json\/wp\/v2\/posts\/7180","targetHints":{"allow":["GET"]}}],"collection":[{"href":"https:\/\/suanoticiaaqui.com.br\/news\/wp-json\/wp\/v2\/posts"}],"about":[{"href":"https:\/\/suanoticiaaqui.com.br\/news\/wp-json\/wp\/v2\/types\/post"}],"author":[{"embeddable":true,"href":"https:\/\/suanoticiaaqui.com.br\/news\/wp-json\/wp\/v2\/users\/1"}],"replies":[{"embeddable":true,"href":"https:\/\/suanoticiaaqui.com.br\/news\/wp-json\/wp\/v2\/comments?post=7180"}],"version-history":[{"count":1,"href":"https:\/\/suanoticiaaqui.com.br\/news\/wp-json\/wp\/v2\/posts\/7180\/revisions"}],"predecessor-version":[{"id":7182,"href":"https:\/\/suanoticiaaqui.com.br\/news\/wp-json\/wp\/v2\/posts\/7180\/revisions\/7182"}],"wp:featuredmedia":[{"embeddable":true,"href":"https:\/\/suanoticiaaqui.com.br\/news\/wp-json\/wp\/v2\/media\/7181"}],"wp:attachment":[{"href":"https:\/\/suanoticiaaqui.com.br\/news\/wp-json\/wp\/v2\/media?parent=7180"}],"wp:term":[{"taxonomy":"category","embeddable":true,"href":"https:\/\/suanoticiaaqui.com.br\/news\/wp-json\/wp\/v2\/categories?post=7180"},{"taxonomy":"post_tag","embeddable":true,"href":"https:\/\/suanoticiaaqui.com.br\/news\/wp-json\/wp\/v2\/tags?post=7180"}],"curies":[{"name":"wp","href":"https:\/\/api.w.org\/{rel}","templated":true}]}}