{"id":7186,"date":"2025-08-01T09:45:47","date_gmt":"2025-08-01T13:45:47","guid":{"rendered":"https:\/\/suanoticiaaqui.com.br\/news\/?p=7186"},"modified":"2025-08-01T09:45:47","modified_gmt":"2025-08-01T13:45:47","slug":"stf-altera-regra-eleitoral-e-7-deputados-perdem-mandatos","status":"publish","type":"post","link":"https:\/\/suanoticiaaqui.com.br\/news\/2025\/08\/01\/stf-altera-regra-eleitoral-e-7-deputados-perdem-mandatos\/","title":{"rendered":"STF altera regra eleitoral e 7 deputados perdem mandatos"},"content":{"rendered":"\n<p>Mudan\u00e7a nas \u201csobras\u201d atinge bancada do Amap\u00e1; C\u00e2mara oficializa nova composi\u00e7\u00e3o<\/p>\n\n\n\n<ul class=\"wp-block-list\">\n<li><a href=\"https:\/\/bradockshow.com.br\/author\/marcotoledo\/\"><\/a>por <a href=\"https:\/\/bradockshow.com.br\/author\/marcotoledo\/\">Marco Toledo<\/a><\/li>\n<\/ul>\n\n\n\n<p>O presidente da C\u00e2mara, Hugo Motta, oficializou nesta quarta-feira (30) a cassa\u00e7\u00e3o do mandato de sete deputados, ap\u00f3s decis\u00e3o do STF que alterou a regra de distribui\u00e7\u00e3o das chamadas \u201csobras eleitorais\u201d. A mudan\u00e7a impacta diretamente a contagem dos votos das elei\u00e7\u00f5es de 2022 e provocou uma reconfigura\u00e7\u00e3o imediata em parte da Casa.<\/p>\n\n\n\n<p>A bancada do Amap\u00e1 foi a mais afetada, perdendo quatro dos seus oito representantes. Foram afastados Dr. Pupio, Sonize Barbosa, Professora Goreth, Silvia Wai\u00e3pi, Lebr\u00e3o, L\u00e1zaro Botelho e Gilvan M\u00e1ximo.<\/p>\n\n\n\n<p>Em seus lugares assumem Aline Gurgel, Paulo Lemos, Andr\u00e9 Abdon, Marcivania, Tiago Dimas, Rodrigo Rollemberg e Rafael Fera.<\/p>\n\n\n\n<p>A decis\u00e3o do STF derruba o entendimento anterior, que preservava os eleitos pela regra antiga. Agora, partidos que n\u00e3o alcan\u00e7aram os 80% do quociente eleitoral tamb\u00e9m entram na disputa pelas chamadas \u201csobras das sobras\u201d \u2014 uma esp\u00e9cie de repescagem nas vagas restantes da elei\u00e7\u00e3o.<\/p>\n","protected":false},"excerpt":{"rendered":"<p>Mudan\u00e7a nas \u201csobras\u201d atinge bancada do Amap\u00e1; C\u00e2mara oficializa nova composi\u00e7\u00e3o O presidente da C\u00e2mara, Hugo Motta, oficializou nesta quarta-feira&hellip;<\/p>\n","protected":false},"author":1,"featured_media":7187,"comment_status":"open","ping_status":"open","sticky":false,"template":"","format":"standard","meta":{"footnotes":""},"categories":[1],"tags":[],"class_list":["post-7186","post","type-post","status-publish","format-standard","has-post-thumbnail","hentry","category-uncategorized"],"_links":{"self":[{"href":"https:\/\/suanoticiaaqui.com.br\/news\/wp-json\/wp\/v2\/posts\/7186","targetHints":{"allow":["GET"]}}],"collection":[{"href":"https:\/\/suanoticiaaqui.com.br\/news\/wp-json\/wp\/v2\/posts"}],"about":[{"href":"https:\/\/suanoticiaaqui.com.br\/news\/wp-json\/wp\/v2\/types\/post"}],"author":[{"embeddable":true,"href":"https:\/\/suanoticiaaqui.com.br\/news\/wp-json\/wp\/v2\/users\/1"}],"replies":[{"embeddable":true,"href":"https:\/\/suanoticiaaqui.com.br\/news\/wp-json\/wp\/v2\/comments?post=7186"}],"version-history":[{"count":1,"href":"https:\/\/suanoticiaaqui.com.br\/news\/wp-json\/wp\/v2\/posts\/7186\/revisions"}],"predecessor-version":[{"id":7188,"href":"https:\/\/suanoticiaaqui.com.br\/news\/wp-json\/wp\/v2\/posts\/7186\/revisions\/7188"}],"wp:featuredmedia":[{"embeddable":true,"href":"https:\/\/suanoticiaaqui.com.br\/news\/wp-json\/wp\/v2\/media\/7187"}],"wp:attachment":[{"href":"https:\/\/suanoticiaaqui.com.br\/news\/wp-json\/wp\/v2\/media?parent=7186"}],"wp:term":[{"taxonomy":"category","embeddable":true,"href":"https:\/\/suanoticiaaqui.com.br\/news\/wp-json\/wp\/v2\/categories?post=7186"},{"taxonomy":"post_tag","embeddable":true,"href":"https:\/\/suanoticiaaqui.com.br\/news\/wp-json\/wp\/v2\/tags?post=7186"}],"curies":[{"name":"wp","href":"https:\/\/api.w.org\/{rel}","templated":true}]}}