{"id":7192,"date":"2025-08-01T09:48:18","date_gmt":"2025-08-01T13:48:18","guid":{"rendered":"https:\/\/suanoticiaaqui.com.br\/news\/?p=7192"},"modified":"2025-08-01T09:48:18","modified_gmt":"2025-08-01T13:48:18","slug":"alcolumbre-reage-com-atraso-e-tenta-blindar-moraes-de-sancoes-dos-eua","status":"publish","type":"post","link":"https:\/\/suanoticiaaqui.com.br\/news\/2025\/08\/01\/alcolumbre-reage-com-atraso-e-tenta-blindar-moraes-de-sancoes-dos-eua\/","title":{"rendered":"Alcolumbre reage com atraso e tenta blindar Moraes de san\u00e7\u00f5es dos EUA"},"content":{"rendered":"\n<p>Presidente do Senado recorre a discurso gen\u00e9rico para defender institui\u00e7\u00f5es sob desgaste internacional<\/p>\n\n\n\n<ul class=\"wp-block-list\">\n<li><a href=\"https:\/\/bradockshow.com.br\/author\/marcotoledo\/\"><\/a>por <a href=\"https:\/\/bradockshow.com.br\/author\/marcotoledo\/\">Marco Toledo<\/a><\/li>\n<\/ul>\n\n\n\n<p>Quase 12 horas ap\u00f3s as san\u00e7\u00f5es impostas por Donald Trump ao Brasil, incluindo a aplica\u00e7\u00e3o da Lei Magnitsky contra Alexandre de Moraes, Davi Alcolumbre finalmente se manifestou.<\/p>\n\n\n\n<p>Com tom vago e pouco firme, o presidente do Senado afirmou que o Congresso \u201cn\u00e3o admite interfer\u00eancias\u201d entre os Poderes e declarou \u201cconfian\u00e7a no fortalecimento das institui\u00e7\u00f5es\u201d.<\/p>\n\n\n\n<p>A rea\u00e7\u00e3o tardia e o discurso gen\u00e9rico de Alcolumbre soaram mais como tentativa de blindagem pol\u00edtica do que como defesa real da soberania nacional.<\/p>\n\n\n\n<p>Ele e Hugo Motta foram citados por Eduardo Bolsonaro como prov\u00e1veis alvos de futuras san\u00e7\u00f5es, diante da omiss\u00e3o diante dos abusos do STF e da resist\u00eancia em pautar a anistia e o impeachment de Moraes.<\/p>\n\n\n\n<p>Ao longo dos \u00faltimos anos, Alcolumbre se notabilizou por n\u00e3o exercer o controle constitucional do Senado sobre o Judici\u00e1rio. Agora, ao defender \u201ccoopera\u00e7\u00e3o internacional\u201d, demonstra desconforto diante da press\u00e3o americana. O Programa<\/p>\n","protected":false},"excerpt":{"rendered":"<p>Presidente do Senado recorre a discurso gen\u00e9rico para defender institui\u00e7\u00f5es sob desgaste internacional Quase 12 horas ap\u00f3s as san\u00e7\u00f5es impostas&hellip;<\/p>\n","protected":false},"author":1,"featured_media":7193,"comment_status":"open","ping_status":"open","sticky":false,"template":"","format":"standard","meta":{"footnotes":""},"categories":[1],"tags":[],"class_list":["post-7192","post","type-post","status-publish","format-standard","has-post-thumbnail","hentry","category-uncategorized"],"_links":{"self":[{"href":"https:\/\/suanoticiaaqui.com.br\/news\/wp-json\/wp\/v2\/posts\/7192","targetHints":{"allow":["GET"]}}],"collection":[{"href":"https:\/\/suanoticiaaqui.com.br\/news\/wp-json\/wp\/v2\/posts"}],"about":[{"href":"https:\/\/suanoticiaaqui.com.br\/news\/wp-json\/wp\/v2\/types\/post"}],"author":[{"embeddable":true,"href":"https:\/\/suanoticiaaqui.com.br\/news\/wp-json\/wp\/v2\/users\/1"}],"replies":[{"embeddable":true,"href":"https:\/\/suanoticiaaqui.com.br\/news\/wp-json\/wp\/v2\/comments?post=7192"}],"version-history":[{"count":1,"href":"https:\/\/suanoticiaaqui.com.br\/news\/wp-json\/wp\/v2\/posts\/7192\/revisions"}],"predecessor-version":[{"id":7194,"href":"https:\/\/suanoticiaaqui.com.br\/news\/wp-json\/wp\/v2\/posts\/7192\/revisions\/7194"}],"wp:featuredmedia":[{"embeddable":true,"href":"https:\/\/suanoticiaaqui.com.br\/news\/wp-json\/wp\/v2\/media\/7193"}],"wp:attachment":[{"href":"https:\/\/suanoticiaaqui.com.br\/news\/wp-json\/wp\/v2\/media?parent=7192"}],"wp:term":[{"taxonomy":"category","embeddable":true,"href":"https:\/\/suanoticiaaqui.com.br\/news\/wp-json\/wp\/v2\/categories?post=7192"},{"taxonomy":"post_tag","embeddable":true,"href":"https:\/\/suanoticiaaqui.com.br\/news\/wp-json\/wp\/v2\/tags?post=7192"}],"curies":[{"name":"wp","href":"https:\/\/api.w.org\/{rel}","templated":true}]}}