{"id":7198,"date":"2025-08-01T09:55:20","date_gmt":"2025-08-01T13:55:20","guid":{"rendered":"https:\/\/suanoticiaaqui.com.br\/news\/?p=7198"},"modified":"2025-08-01T09:55:20","modified_gmt":"2025-08-01T13:55:20","slug":"vice-vai-a-tv-matinal-com-meias-de-cafe-enquanto-pais-enfrenta-tarifaco-dos-eua","status":"publish","type":"post","link":"https:\/\/suanoticiaaqui.com.br\/news\/2025\/08\/01\/vice-vai-a-tv-matinal-com-meias-de-cafe-enquanto-pais-enfrenta-tarifaco-dos-eua\/","title":{"rendered":"Vice vai \u00e0 TV matinal com meias de caf\u00e9 enquanto pa\u00eds enfrenta tarifa\u00e7o dos EUA"},"content":{"rendered":"\n<p>Participa\u00e7\u00e3o inusitada de Alckmin no \u201cMais Voc\u00ea\u201d vira meme e desvia foco de crise comercial<\/p>\n\n\n\n<ul class=\"wp-block-list\">\n<li><a href=\"https:\/\/bradockshow.com.br\/author\/marcotoledo\/\"><\/a>por <a href=\"https:\/\/bradockshow.com.br\/author\/marcotoledo\/\">Marco Toledo<\/a><\/li>\n<\/ul>\n\n\n\n<p>Enquanto o Brasil encara o impacto da tarifa de 50% imposta pelos EUA aos produtos nacionais, o vice-presidente Geraldo Alckmin foi \u00e0 TV Globo tomar caf\u00e9 com Ana Maria Braga. Usando meias com estampa de gr\u00e3os de caf\u00e9, produto amea\u00e7ado pela nova taxa\u00e7\u00e3o, Alckmin trocou o tom t\u00e9cnico por leveza, em uma cena que se tornou meme nas redes sociais.<\/p>\n\n\n\n<p>Internautas ironizaram a presen\u00e7a do vice em programa de entretenimento enquanto o pa\u00eds enfrenta forte tens\u00e3o comercial. \u201cS\u00f3 na TV brasileira um papagaio anuncia entrevista com o vice sobre o tarifa\u00e7o\u201d, escreveu um usu\u00e1rio.<\/p>\n\n\n\n<p>Outros criticaram a \u201ccomunica\u00e7\u00e3o perform\u00e1tica\u201d do governo, que prioriza s\u00edmbolos e selfies a resultados concretos.<\/p>\n\n\n\n<p>O detalhe das meias foi interpretado por alguns como uma provoca\u00e7\u00e3o velada ao ex-presidente Jair Bolsonaro, atualmente monitorado com tornozeleira por ordem do STF.<\/p>\n\n\n\n<figure class=\"wp-block-image\"><img decoding=\"async\" src=\"https:\/\/bradockshow.com.br\/content\/images\/2025\/07\/meme-mais-voce-alckmin-31jul25.webp\" alt=\"\"\/><\/figure>\n\n\n\n<figure class=\"wp-block-image\"><img decoding=\"async\" src=\"https:\/\/bradockshow.com.br\/content\/images\/2025\/07\/meme-alckmin-na-globo-31jul25.webp\" alt=\"\"\/><\/figure>\n\n\n\n<figure class=\"wp-block-image\"><img decoding=\"async\" src=\"https:\/\/bradockshow.com.br\/content\/images\/2025\/07\/meme-alckmin-mais-voce-31jul25.webp\" alt=\"\"\/><\/figure>\n\n\n\n<figure class=\"wp-block-image\"><img decoding=\"async\" src=\"https:\/\/bradockshow.com.br\/content\/images\/2025\/07\/meme-ackmin-globo-31jul25.webp\" alt=\"\"\/><\/figure>\n\n\n\n<figure class=\"wp-block-image\"><img decoding=\"async\" src=\"https:\/\/bradockshow.com.br\/content\/images\/2025\/07\/meme-meia-alckmin-31jul25.webp\" alt=\"\"\/><\/figure>\n\n\n\n<figure class=\"wp-block-image\"><img decoding=\"async\" src=\"https:\/\/bradockshow.com.br\/content\/images\/2025\/07\/meia-alckmin-meme-31jul25.webp\" alt=\"\"\/><\/figure>\n\n\n\n<figure class=\"wp-block-image\"><img decoding=\"async\" src=\"https:\/\/bradockshow.com.br\/content\/images\/2025\/07\/meme-meia-alckmin-globo-31jul25.webp\" alt=\"\"\/><\/figure>\n","protected":false},"excerpt":{"rendered":"<p>Participa\u00e7\u00e3o inusitada de Alckmin no \u201cMais Voc\u00ea\u201d vira meme e desvia foco de crise comercial Enquanto o Brasil encara o&hellip;<\/p>\n","protected":false},"author":1,"featured_media":7199,"comment_status":"open","ping_status":"open","sticky":false,"template":"","format":"standard","meta":{"footnotes":""},"categories":[1],"tags":[],"class_list":["post-7198","post","type-post","status-publish","format-standard","has-post-thumbnail","hentry","category-uncategorized"],"_links":{"self":[{"href":"https:\/\/suanoticiaaqui.com.br\/news\/wp-json\/wp\/v2\/posts\/7198","targetHints":{"allow":["GET"]}}],"collection":[{"href":"https:\/\/suanoticiaaqui.com.br\/news\/wp-json\/wp\/v2\/posts"}],"about":[{"href":"https:\/\/suanoticiaaqui.com.br\/news\/wp-json\/wp\/v2\/types\/post"}],"author":[{"embeddable":true,"href":"https:\/\/suanoticiaaqui.com.br\/news\/wp-json\/wp\/v2\/users\/1"}],"replies":[{"embeddable":true,"href":"https:\/\/suanoticiaaqui.com.br\/news\/wp-json\/wp\/v2\/comments?post=7198"}],"version-history":[{"count":1,"href":"https:\/\/suanoticiaaqui.com.br\/news\/wp-json\/wp\/v2\/posts\/7198\/revisions"}],"predecessor-version":[{"id":7200,"href":"https:\/\/suanoticiaaqui.com.br\/news\/wp-json\/wp\/v2\/posts\/7198\/revisions\/7200"}],"wp:featuredmedia":[{"embeddable":true,"href":"https:\/\/suanoticiaaqui.com.br\/news\/wp-json\/wp\/v2\/media\/7199"}],"wp:attachment":[{"href":"https:\/\/suanoticiaaqui.com.br\/news\/wp-json\/wp\/v2\/media?parent=7198"}],"wp:term":[{"taxonomy":"category","embeddable":true,"href":"https:\/\/suanoticiaaqui.com.br\/news\/wp-json\/wp\/v2\/categories?post=7198"},{"taxonomy":"post_tag","embeddable":true,"href":"https:\/\/suanoticiaaqui.com.br\/news\/wp-json\/wp\/v2\/tags?post=7198"}],"curies":[{"name":"wp","href":"https:\/\/api.w.org\/{rel}","templated":true}]}}