{"id":7201,"date":"2025-08-01T09:56:27","date_gmt":"2025-08-01T13:56:27","guid":{"rendered":"https:\/\/suanoticiaaqui.com.br\/news\/?p=7201"},"modified":"2025-08-01T09:56:27","modified_gmt":"2025-08-01T13:56:27","slug":"apos-outra-morte-por-atropelamento-indigenas-bloqueiam-anel-viario-mas-pista-ja-foi-liberada","status":"publish","type":"post","link":"https:\/\/suanoticiaaqui.com.br\/news\/2025\/08\/01\/apos-outra-morte-por-atropelamento-indigenas-bloqueiam-anel-viario-mas-pista-ja-foi-liberada\/","title":{"rendered":"Ap\u00f3s outra morte por atropelamento, ind\u00edgenas bloqueiam Anel Vi\u00e1rio, mas pista j\u00e1 foi liberada"},"content":{"rendered":"\n<ul class=\"wp-block-list\">\n<li>por Luiz Guilherme<\/li>\n<\/ul>\n\n\n\n<p>Ap\u00f3s o ciclista Ad\u00e3o Brites Amarilha, de 42 anos, morrer atropelado por uma carreta Mercedes-Benz na manh\u00e3 desta quinta-feira (31\/7), no Anel Vi\u00e1rio que corta a MS-156, no trecho entre as avenidas Guaicurus e Presidente Vargas, em Dourados, ind\u00edgenas bloquearam a rodovia.<\/p>\n\n\n\n<p>No acidente de hoje, Ad\u00e3o empurrava sua bicicleta, quando foi atingido pelo ve\u00edculo que seguia no sentido Posto Litro \u2013 Planacon. Por se tratar em uma subida, o motorista, de 54 anos, trafegava em baixa velocidade.<\/p>\n\n\n\n<p>Pouco antes de ser atropelado, o ciclista estava deitado embaixo de um p\u00e9 de manga e pediu \u00e1gua a um morador da regi\u00e3o. Depois, saiu empurrando a bicicleta e no momento que atravessava a pista, foi atropelado.<\/p>\n\n\n\n<p>Aparentemente, o rapaz bateu a cabe\u00e7a no meio-fio e o Corpo de Bombeiros foi acionado, no entanto, ao chegar ao local, o ciclista j\u00e1 estava morto.<\/p>\n","protected":false},"excerpt":{"rendered":"<p>Ap\u00f3s o ciclista Ad\u00e3o Brites Amarilha, de 42 anos, morrer atropelado por uma carreta Mercedes-Benz na manh\u00e3 desta quinta-feira (31\/7),&hellip;<\/p>\n","protected":false},"author":1,"featured_media":7202,"comment_status":"open","ping_status":"open","sticky":false,"template":"","format":"standard","meta":{"footnotes":""},"categories":[1],"tags":[],"class_list":["post-7201","post","type-post","status-publish","format-standard","has-post-thumbnail","hentry","category-uncategorized"],"_links":{"self":[{"href":"https:\/\/suanoticiaaqui.com.br\/news\/wp-json\/wp\/v2\/posts\/7201","targetHints":{"allow":["GET"]}}],"collection":[{"href":"https:\/\/suanoticiaaqui.com.br\/news\/wp-json\/wp\/v2\/posts"}],"about":[{"href":"https:\/\/suanoticiaaqui.com.br\/news\/wp-json\/wp\/v2\/types\/post"}],"author":[{"embeddable":true,"href":"https:\/\/suanoticiaaqui.com.br\/news\/wp-json\/wp\/v2\/users\/1"}],"replies":[{"embeddable":true,"href":"https:\/\/suanoticiaaqui.com.br\/news\/wp-json\/wp\/v2\/comments?post=7201"}],"version-history":[{"count":1,"href":"https:\/\/suanoticiaaqui.com.br\/news\/wp-json\/wp\/v2\/posts\/7201\/revisions"}],"predecessor-version":[{"id":7203,"href":"https:\/\/suanoticiaaqui.com.br\/news\/wp-json\/wp\/v2\/posts\/7201\/revisions\/7203"}],"wp:featuredmedia":[{"embeddable":true,"href":"https:\/\/suanoticiaaqui.com.br\/news\/wp-json\/wp\/v2\/media\/7202"}],"wp:attachment":[{"href":"https:\/\/suanoticiaaqui.com.br\/news\/wp-json\/wp\/v2\/media?parent=7201"}],"wp:term":[{"taxonomy":"category","embeddable":true,"href":"https:\/\/suanoticiaaqui.com.br\/news\/wp-json\/wp\/v2\/categories?post=7201"},{"taxonomy":"post_tag","embeddable":true,"href":"https:\/\/suanoticiaaqui.com.br\/news\/wp-json\/wp\/v2\/tags?post=7201"}],"curies":[{"name":"wp","href":"https:\/\/api.w.org\/{rel}","templated":true}]}}