{"id":7204,"date":"2025-08-01T09:59:49","date_gmt":"2025-08-01T13:59:49","guid":{"rendered":"https:\/\/suanoticiaaqui.com.br\/news\/?p=7204"},"modified":"2025-08-01T09:59:49","modified_gmt":"2025-08-01T13:59:49","slug":"stf-quer-julgar-bolsonaro-as-pressas-apos-sancoes-a-moraes","status":"publish","type":"post","link":"https:\/\/suanoticiaaqui.com.br\/news\/2025\/08\/01\/stf-quer-julgar-bolsonaro-as-pressas-apos-sancoes-a-moraes\/","title":{"rendered":"STF quer julgar Bolsonaro \u00e0s pressas ap\u00f3s san\u00e7\u00f5es a Moraes"},"content":{"rendered":"\n<p>Corte tenta criar fato consumado diante da press\u00e3o internacional e teme manifesta\u00e7\u00f5es do 7 de Setembro<\/p>\n\n\n\n<ul class=\"wp-block-list\">\n<li><a href=\"https:\/\/bradockshow.com.br\/author\/marcotoledo\/\"><\/a>por <a href=\"https:\/\/bradockshow.com.br\/author\/marcotoledo\/\">Marco Toledo<\/a><\/li>\n<\/ul>\n\n\n\n<p>O Supremo Tribunal Federal articula antecipar o julgamento do ex-presidente Jair Bolsonaro, acusado de \u201ctentativa de golpe\u201d, ap\u00f3s os Estados Unidos sancionarem Alexandre de Moraes com base na Lei Magnitsky.<\/p>\n\n\n\n<p>A manobra busca concluir o julgamento at\u00e9 o fim de agosto, antes da data inicialmente prevista. Internamente, ministros reagem \u00e0 press\u00e3o de Trump rotulando-a como \u201cchantagem\u201d, ignorando que as san\u00e7\u00f5es decorrem de pr\u00e1ticas autorit\u00e1rias amplamente denunciadas.<\/p>\n\n\n\n<p>A estrat\u00e9gia revela temor da Corte diante da possibilidade de rea\u00e7\u00f5es populares no 7 de Setembro. Ao acelerar o caso, o STF tenta evitar novo constrangimento institucional, mas escancara a seletividade e o vi\u00e9s pol\u00edtico.<\/p>\n\n\n\n<p>Enquanto processos de corrup\u00e7\u00e3o se arrastam por anos, o caso de Bolsonaro virou prioridade. A \u00e2nsia da Corte em responder \u00e0 press\u00e3o externa compromete a isen\u00e7\u00e3o que o julgamento deveria preservar.<\/p>\n","protected":false},"excerpt":{"rendered":"<p>Corte tenta criar fato consumado diante da press\u00e3o internacional e teme manifesta\u00e7\u00f5es do 7 de Setembro O Supremo Tribunal Federal&hellip;<\/p>\n","protected":false},"author":1,"featured_media":7205,"comment_status":"open","ping_status":"open","sticky":false,"template":"","format":"standard","meta":{"footnotes":""},"categories":[1],"tags":[],"class_list":["post-7204","post","type-post","status-publish","format-standard","has-post-thumbnail","hentry","category-uncategorized"],"_links":{"self":[{"href":"https:\/\/suanoticiaaqui.com.br\/news\/wp-json\/wp\/v2\/posts\/7204","targetHints":{"allow":["GET"]}}],"collection":[{"href":"https:\/\/suanoticiaaqui.com.br\/news\/wp-json\/wp\/v2\/posts"}],"about":[{"href":"https:\/\/suanoticiaaqui.com.br\/news\/wp-json\/wp\/v2\/types\/post"}],"author":[{"embeddable":true,"href":"https:\/\/suanoticiaaqui.com.br\/news\/wp-json\/wp\/v2\/users\/1"}],"replies":[{"embeddable":true,"href":"https:\/\/suanoticiaaqui.com.br\/news\/wp-json\/wp\/v2\/comments?post=7204"}],"version-history":[{"count":1,"href":"https:\/\/suanoticiaaqui.com.br\/news\/wp-json\/wp\/v2\/posts\/7204\/revisions"}],"predecessor-version":[{"id":7206,"href":"https:\/\/suanoticiaaqui.com.br\/news\/wp-json\/wp\/v2\/posts\/7204\/revisions\/7206"}],"wp:featuredmedia":[{"embeddable":true,"href":"https:\/\/suanoticiaaqui.com.br\/news\/wp-json\/wp\/v2\/media\/7205"}],"wp:attachment":[{"href":"https:\/\/suanoticiaaqui.com.br\/news\/wp-json\/wp\/v2\/media?parent=7204"}],"wp:term":[{"taxonomy":"category","embeddable":true,"href":"https:\/\/suanoticiaaqui.com.br\/news\/wp-json\/wp\/v2\/categories?post=7204"},{"taxonomy":"post_tag","embeddable":true,"href":"https:\/\/suanoticiaaqui.com.br\/news\/wp-json\/wp\/v2\/tags?post=7204"}],"curies":[{"name":"wp","href":"https:\/\/api.w.org\/{rel}","templated":true}]}}