{"id":7207,"date":"2025-08-01T10:00:43","date_gmt":"2025-08-01T14:00:43","guid":{"rendered":"https:\/\/suanoticiaaqui.com.br\/news\/?p=7207"},"modified":"2025-08-01T10:00:43","modified_gmt":"2025-08-01T14:00:43","slug":"homem-e-preso-durante-operacao-contra-organizacao-criminosa-envolvida-com-trafico","status":"publish","type":"post","link":"https:\/\/suanoticiaaqui.com.br\/news\/2025\/08\/01\/homem-e-preso-durante-operacao-contra-organizacao-criminosa-envolvida-com-trafico\/","title":{"rendered":"Homem \u00e9 preso durante opera\u00e7\u00e3o contra organiza\u00e7\u00e3o criminosa envolvida com tr\u00e1fico"},"content":{"rendered":"\n<ul class=\"wp-block-list\">\n<li>por Luiz Guilherme<\/li>\n<\/ul>\n\n\n\n<p>Nesta quarta-feira (30\/7), a PF (Pol\u00edcia Federal) deflagrou a opera\u00e7\u00e3o &#8220;Rota de Fuga&#8221; com objetivo de desarticular organiza\u00e7\u00e3o criminosa voltada ao tr\u00e1fico transnacional de drogas. Foram cumpridos dois mandados de pris\u00e3o tempor\u00e1ria e cinco de busca e apreens\u00e3o nos munic\u00edpios de Ponta Por\u00e3 e Bela Vista, ambos regi\u00e3o de fronteira com o Paraguai.&nbsp;<\/p>\n\n\n\n<p>No curso das dilig\u00eancias, uma pessoa foi presa em flagrante pelo crime de obstru\u00e7\u00e3o de justi\u00e7a. Tamb\u00e9m foram apreendidos oito ve\u00edculos em poder dos investigados, com ind\u00edcios de origem il\u00edcita.<\/p>\n\n\n\n<p>As investiga\u00e7\u00f5es tiveram in\u00edcio ap\u00f3s a apreens\u00e3o de diversos carregamentos de droga atribu\u00eddos ao grupo criminoso, totalizando mais de sete toneladas de maconha. Um desses carregamentos, com aproximadamente 2,5 toneladas, foi interceptado pela Pol\u00edcia Federal em maio deste ano, em Bela Vista.<\/p>\n\n\n\n<p>Os presos foram encaminhados \u00e0 Delegacia de Pol\u00edcia Federal em Ponta Por\u00e3, onde permanecem \u00e0 disposi\u00e7\u00e3o da Justi\u00e7a.<\/p>\n","protected":false},"excerpt":{"rendered":"<p>Nesta quarta-feira (30\/7), a PF (Pol\u00edcia Federal) deflagrou a opera\u00e7\u00e3o &#8220;Rota de Fuga&#8221; com objetivo de desarticular organiza\u00e7\u00e3o criminosa voltada&hellip;<\/p>\n","protected":false},"author":1,"featured_media":7208,"comment_status":"open","ping_status":"open","sticky":false,"template":"","format":"standard","meta":{"footnotes":""},"categories":[1],"tags":[],"class_list":["post-7207","post","type-post","status-publish","format-standard","has-post-thumbnail","hentry","category-uncategorized"],"_links":{"self":[{"href":"https:\/\/suanoticiaaqui.com.br\/news\/wp-json\/wp\/v2\/posts\/7207","targetHints":{"allow":["GET"]}}],"collection":[{"href":"https:\/\/suanoticiaaqui.com.br\/news\/wp-json\/wp\/v2\/posts"}],"about":[{"href":"https:\/\/suanoticiaaqui.com.br\/news\/wp-json\/wp\/v2\/types\/post"}],"author":[{"embeddable":true,"href":"https:\/\/suanoticiaaqui.com.br\/news\/wp-json\/wp\/v2\/users\/1"}],"replies":[{"embeddable":true,"href":"https:\/\/suanoticiaaqui.com.br\/news\/wp-json\/wp\/v2\/comments?post=7207"}],"version-history":[{"count":1,"href":"https:\/\/suanoticiaaqui.com.br\/news\/wp-json\/wp\/v2\/posts\/7207\/revisions"}],"predecessor-version":[{"id":7209,"href":"https:\/\/suanoticiaaqui.com.br\/news\/wp-json\/wp\/v2\/posts\/7207\/revisions\/7209"}],"wp:featuredmedia":[{"embeddable":true,"href":"https:\/\/suanoticiaaqui.com.br\/news\/wp-json\/wp\/v2\/media\/7208"}],"wp:attachment":[{"href":"https:\/\/suanoticiaaqui.com.br\/news\/wp-json\/wp\/v2\/media?parent=7207"}],"wp:term":[{"taxonomy":"category","embeddable":true,"href":"https:\/\/suanoticiaaqui.com.br\/news\/wp-json\/wp\/v2\/categories?post=7207"},{"taxonomy":"post_tag","embeddable":true,"href":"https:\/\/suanoticiaaqui.com.br\/news\/wp-json\/wp\/v2\/tags?post=7207"}],"curies":[{"name":"wp","href":"https:\/\/api.w.org\/{rel}","templated":true}]}}