{"id":7210,"date":"2025-08-01T10:01:29","date_gmt":"2025-08-01T14:01:29","guid":{"rendered":"https:\/\/suanoticiaaqui.com.br\/news\/?p=7210"},"modified":"2025-08-01T10:01:29","modified_gmt":"2025-08-01T14:01:29","slug":"moraes-pede-que-agu-tome-providencias-para-extradicao-de-zambelli","status":"publish","type":"post","link":"https:\/\/suanoticiaaqui.com.br\/news\/2025\/08\/01\/moraes-pede-que-agu-tome-providencias-para-extradicao-de-zambelli\/","title":{"rendered":"Moraes pede que AGU tome provid\u00eancias para extradi\u00e7\u00e3o de Zambelli"},"content":{"rendered":"\n<ul class=\"wp-block-list\">\n<li>\u00a0Ag\u00eancia Brasil<\/li>\n<\/ul>\n\n\n\n<p>O ministro Alexandre de Moraes, do Supremo Tribunal Federal (STF), determinou nesta quinta-feira (31) que a Advocacia-Geral da Uni\u00e3o (AGU) tome provid\u00eancias para garantir a extradi\u00e7\u00e3o da deputada federal Carla Zambelli (PL-SP).<\/p>\n\n\n\n<p>A medida foi tomada ap\u00f3s o Supremo ser comunicado oficialmente sobre a pris\u00e3o da parlamentar. \u201cOficie-se \u00e0 Advocacia-Geral da Uni\u00e3o para que acompanhe e adote as provid\u00eancias cab\u00edveis e necess\u00e1rias relacionadas ao processo de extradi\u00e7\u00e3o da r\u00e9\u201d, determinou o ministro.<\/p>\n\n\n\n<p>Na ter\u00e7a-feira (29), Zambelli foi presa em Roma, na It\u00e1lia, onde tentava escapar do cumprimento de um mandado de pris\u00e3o emitido por Moraes.<\/p>\n\n\n\n<p>Por ter dupla cidadania, Zambelli deixou o Brasil em busca de asilo pol\u00edtico em terras italianas ap\u00f3s ser condenada pelo STF a dez anos de pris\u00e3o pela invas\u00e3o ao sistema eletr\u00f4nico do Conselho Nacional de Justi\u00e7a (CNJ), ocorrida em 2023. A deputada tamb\u00e9m ter\u00e1 que pegar R$ 2 milh\u00f5es em danos coletivos.<\/p>\n\n\n\n<p>De acordo com as investiga\u00e7\u00f5es, Zambelli foi a autora intelectual da invas\u00e3o para emiss\u00e3o de um mandato falso de pris\u00e3o contra Alexandre de Moraes. Segundo as investiga\u00e7\u00f5es, o hackeamento foi executado por Walter Delgatti, que tamb\u00e9m foi condenado e confirmou ter realizado o trabalho a mando da parlamentar.<\/p>\n\n\n\n<p>Ap\u00f3s a fuga para a It\u00e1lia, o governo brasileiro solicitou a extradi\u00e7\u00e3o da deputada para o Brasil.<\/p>\n\n\n\n<p><strong>Extradi\u00e7\u00e3o<\/strong><\/p>\n\n\n\n<p>O pedido de extradi\u00e7\u00e3o de Carla Zambelli foi oficializado no dia 11 de junho pelo ministro Alexandre de Moraes. Em seguida, o pedido foi enviado pelo Itamaraty ao governo italiano.<\/p>\n\n\n\n<p>O documento cont\u00e9m a c\u00f3pia da delibera\u00e7\u00e3o que condenou a parlamentar e os artigos do C\u00f3digo Penal que fundamentaram a decis\u00e3o.<\/p>\n\n\n\n<p>&#8220;A Sra. Carla Zambelli Salgado de Oliveira, de maneira livre, consciente e volunt\u00e1ria, comandou a invas\u00e3o a sistemas institucionais utilizados pelo Poder Judici\u00e1rio, mediante planejamento, arregimenta\u00e7\u00e3o e comando de pessoa com aptid\u00e3o t\u00e9cnica e meios necess\u00e1rios ao cumprimento de tal mister, com o fim de adulterar informa\u00e7\u00f5es, sem autoriza\u00e7\u00e3o expressa ou t\u00e1cita de quem de direito&#8221;, diz o texto.<\/p>\n\n\n\n<p>Moraes tamb\u00e9m indicou as garantias que o Brasil vai dar para Carla Zambelli se a It\u00e1lia autorizar a extradi\u00e7\u00e3o.<\/p>\n\n\n\n<p>O ministro se comprometeu a n\u00e3o submeter Zambelli a pris\u00e3o ou processo por fato anterior ao pedido de extradi\u00e7\u00e3o; n\u00e3o impor pena perp\u00e9tua; n\u00e3o agravar a pena por motivos pol\u00edticos e n\u00e3o submeter a parlamentar a tortura ou a tratamentos desumanos ou degradantes.<\/p>\n","protected":false},"excerpt":{"rendered":"<p>O ministro Alexandre de Moraes, do Supremo Tribunal Federal (STF), determinou nesta quinta-feira (31) que a Advocacia-Geral da Uni\u00e3o (AGU)&hellip;<\/p>\n","protected":false},"author":1,"featured_media":7211,"comment_status":"open","ping_status":"open","sticky":false,"template":"","format":"standard","meta":{"footnotes":""},"categories":[1],"tags":[],"class_list":["post-7210","post","type-post","status-publish","format-standard","has-post-thumbnail","hentry","category-uncategorized"],"_links":{"self":[{"href":"https:\/\/suanoticiaaqui.com.br\/news\/wp-json\/wp\/v2\/posts\/7210","targetHints":{"allow":["GET"]}}],"collection":[{"href":"https:\/\/suanoticiaaqui.com.br\/news\/wp-json\/wp\/v2\/posts"}],"about":[{"href":"https:\/\/suanoticiaaqui.com.br\/news\/wp-json\/wp\/v2\/types\/post"}],"author":[{"embeddable":true,"href":"https:\/\/suanoticiaaqui.com.br\/news\/wp-json\/wp\/v2\/users\/1"}],"replies":[{"embeddable":true,"href":"https:\/\/suanoticiaaqui.com.br\/news\/wp-json\/wp\/v2\/comments?post=7210"}],"version-history":[{"count":1,"href":"https:\/\/suanoticiaaqui.com.br\/news\/wp-json\/wp\/v2\/posts\/7210\/revisions"}],"predecessor-version":[{"id":7212,"href":"https:\/\/suanoticiaaqui.com.br\/news\/wp-json\/wp\/v2\/posts\/7210\/revisions\/7212"}],"wp:featuredmedia":[{"embeddable":true,"href":"https:\/\/suanoticiaaqui.com.br\/news\/wp-json\/wp\/v2\/media\/7211"}],"wp:attachment":[{"href":"https:\/\/suanoticiaaqui.com.br\/news\/wp-json\/wp\/v2\/media?parent=7210"}],"wp:term":[{"taxonomy":"category","embeddable":true,"href":"https:\/\/suanoticiaaqui.com.br\/news\/wp-json\/wp\/v2\/categories?post=7210"},{"taxonomy":"post_tag","embeddable":true,"href":"https:\/\/suanoticiaaqui.com.br\/news\/wp-json\/wp\/v2\/tags?post=7210"}],"curies":[{"name":"wp","href":"https:\/\/api.w.org\/{rel}","templated":true}]}}