{"id":7213,"date":"2025-08-01T10:02:20","date_gmt":"2025-08-01T14:02:20","guid":{"rendered":"https:\/\/suanoticiaaqui.com.br\/news\/?p=7213"},"modified":"2025-08-01T10:02:20","modified_gmt":"2025-08-01T14:02:20","slug":"tcu-livra-eduardo-bolsonaro-de-investigacao-e-reconhece-legitimidade-de-sua-atuacao-diplomatica","status":"publish","type":"post","link":"https:\/\/suanoticiaaqui.com.br\/news\/2025\/08\/01\/tcu-livra-eduardo-bolsonaro-de-investigacao-e-reconhece-legitimidade-de-sua-atuacao-diplomatica\/","title":{"rendered":"TCU livra Eduardo Bolsonaro de investiga\u00e7\u00e3o e reconhece legitimidade de sua atua\u00e7\u00e3o diplom\u00e1tica"},"content":{"rendered":"\n<p>Decis\u00e3o refor\u00e7a separa\u00e7\u00e3o de poderes e exp\u00f5e tentativa de Boulos de politizar a\u00e7\u00e3o leg\u00edtima<\/p>\n\n\n\n<ul class=\"wp-block-list\">\n<li><a href=\"https:\/\/bradockshow.com.br\/author\/marcotoledo\/\"><\/a>por <a href=\"https:\/\/bradockshow.com.br\/author\/marcotoledo\/\">Marco Toledo<\/a><\/li>\n<\/ul>\n\n\n\n<p>O Tribunal de Contas da Uni\u00e3o rejeitou o pedido de investiga\u00e7\u00e3o contra Eduardo Bolsonaro, feito por Guilherme Boulos, sobre suposto uso indevido de R$ 8 mil em viagens aos EUA.<\/p>\n\n\n\n<p>O ministro Benjamin Zymler considerou os valores de \u201cbaixa materialidade\u201d e apontou que julgar o m\u00e9rito da miss\u00e3o parlamentar violaria o devido processo e a separa\u00e7\u00e3o entre os poderes.<\/p>\n\n\n\n<p>A decis\u00e3o, proferida no mesmo dia em que os EUA sancionaram Alexandre de Moraes com base na Lei Magnitsky, teve peso simb\u00f3lico.<\/p>\n\n\n\n<p>Eduardo celebrou: \u201cDeus aben\u00e7oe a Am\u00e9rica\u201d e voltou a defender anistia \u201campla, geral e irrestrita\u201d aos presos do 8 de janeiro. O TCU mostrou maturidade institucional e t\u00e9cnica, evitando um precedente perigoso de criminalizar atividades diplom\u00e1ticas.<\/p>\n\n\n\n<p>A tentativa de Boulos de atacar Eduardo exp\u00f4s seu despreparo e motiva\u00e7\u00e3o pol\u00edtica. O deputado, por outro lado, reafirma seu alinhamento com a liberdade e o combate ao autoritarismo.<\/p>\n","protected":false},"excerpt":{"rendered":"<p>Decis\u00e3o refor\u00e7a separa\u00e7\u00e3o de poderes e exp\u00f5e tentativa de Boulos de politizar a\u00e7\u00e3o leg\u00edtima O Tribunal de Contas da Uni\u00e3o&hellip;<\/p>\n","protected":false},"author":1,"featured_media":7214,"comment_status":"open","ping_status":"open","sticky":false,"template":"","format":"standard","meta":{"footnotes":""},"categories":[1],"tags":[],"class_list":["post-7213","post","type-post","status-publish","format-standard","has-post-thumbnail","hentry","category-uncategorized"],"_links":{"self":[{"href":"https:\/\/suanoticiaaqui.com.br\/news\/wp-json\/wp\/v2\/posts\/7213","targetHints":{"allow":["GET"]}}],"collection":[{"href":"https:\/\/suanoticiaaqui.com.br\/news\/wp-json\/wp\/v2\/posts"}],"about":[{"href":"https:\/\/suanoticiaaqui.com.br\/news\/wp-json\/wp\/v2\/types\/post"}],"author":[{"embeddable":true,"href":"https:\/\/suanoticiaaqui.com.br\/news\/wp-json\/wp\/v2\/users\/1"}],"replies":[{"embeddable":true,"href":"https:\/\/suanoticiaaqui.com.br\/news\/wp-json\/wp\/v2\/comments?post=7213"}],"version-history":[{"count":1,"href":"https:\/\/suanoticiaaqui.com.br\/news\/wp-json\/wp\/v2\/posts\/7213\/revisions"}],"predecessor-version":[{"id":7215,"href":"https:\/\/suanoticiaaqui.com.br\/news\/wp-json\/wp\/v2\/posts\/7213\/revisions\/7215"}],"wp:featuredmedia":[{"embeddable":true,"href":"https:\/\/suanoticiaaqui.com.br\/news\/wp-json\/wp\/v2\/media\/7214"}],"wp:attachment":[{"href":"https:\/\/suanoticiaaqui.com.br\/news\/wp-json\/wp\/v2\/media?parent=7213"}],"wp:term":[{"taxonomy":"category","embeddable":true,"href":"https:\/\/suanoticiaaqui.com.br\/news\/wp-json\/wp\/v2\/categories?post=7213"},{"taxonomy":"post_tag","embeddable":true,"href":"https:\/\/suanoticiaaqui.com.br\/news\/wp-json\/wp\/v2\/tags?post=7213"}],"curies":[{"name":"wp","href":"https:\/\/api.w.org\/{rel}","templated":true}]}}