{"id":7219,"date":"2025-08-01T10:09:28","date_gmt":"2025-08-01T14:09:28","guid":{"rendered":"https:\/\/suanoticiaaqui.com.br\/news\/?p=7219"},"modified":"2025-08-01T10:09:28","modified_gmt":"2025-08-01T14:09:28","slug":"padrasto-acusado-de-agressao-e-abuso-sexual-contra-enteada-de-4-anos-e-preso-em-dourados","status":"publish","type":"post","link":"https:\/\/suanoticiaaqui.com.br\/news\/2025\/08\/01\/padrasto-acusado-de-agressao-e-abuso-sexual-contra-enteada-de-4-anos-e-preso-em-dourados\/","title":{"rendered":"Padrasto acusado de agress\u00e3o e abuso sexual contra enteada de 4 anos \u00e9 preso em Dourados"},"content":{"rendered":"\n<ul class=\"wp-block-list\">\n<li>por Luiz Guilherme<\/li>\n<\/ul>\n\n\n\n<p>Padrasto acusado de agress\u00e3o e abuso sexual contra a enteada de apenas quatro anos, ocorrido em Campo Grande, foi preso em um trabalho conjunto com a Depca (Delegacia Especializada de Prote\u00e7\u00e3o \u00e0 Crian\u00e7a e ao Adolescente) com NIP (N\u00facleo e Intelig\u00eancia Policial), na cidade de Dourados.<\/p>\n\n\n\n<p>Segundo informa\u00e7\u00f5es da PC (Pol\u00edcia Civil), no dia 23 de julho, os agentes da Delegacia Especializada elucidaram o caso de viol\u00eancia dom\u00e9stica contra a menina e o mandado de pris\u00e3o preventiva foi expedido.<\/p>\n\n\n\n<p>Investiga\u00e7\u00f5es apontaram que o criminoso teria reagido de forma violenta ap\u00f3s a menina revelar \u00e0 sua genitora que sofrera abuso sexual. Ele a trancou num quarto e a espancou.<\/p>\n\n\n\n<p>A m\u00e3e conseguiu arrombar a porta e se jogou na frente da filha e tamb\u00e9m foi atacada. O autor ainda tentou evitar que a mulher levasse a crian\u00e7a para o hospital, na expectativa de que as autoridades n\u00e3o tomassem conhecimento do crime.<\/p>\n\n\n\n<p>Por fim, o homem fugiu, tomando rumo ignorado. A crian\u00e7a sofreu m\u00faltiplas les\u00f5es, permanecendo internada por quatro dias para tratamento m\u00e9dico. A genitora, em ato de prote\u00e7\u00e3o materno, tamb\u00e9m foi ferida ao tentar defender a filha.<\/p>\n\n\n\n<p>Ap\u00f3s ser preso, durante o interrogat\u00f3rio, o indiv\u00edduo alegou poss\u00edveis transtornos psiqui\u00e1tricos, sugerindo um estado de surto psic\u00f3tico que supostamente comprometeria sua mem\u00f3ria dos eventos.<\/p>\n\n\n\n<p>O indiciado responder\u00e1 formalmente pelos crimes de estupro de vulner\u00e1vel e les\u00e3o corporal dolosa, crimes que configuram grave viola\u00e7\u00e3o dos direitos humanos e da integridade infanto-juvenil.<\/p>\n","protected":false},"excerpt":{"rendered":"<p>Padrasto acusado de agress\u00e3o e abuso sexual contra a enteada de apenas quatro anos, ocorrido em Campo Grande, foi preso&hellip;<\/p>\n","protected":false},"author":1,"featured_media":7220,"comment_status":"open","ping_status":"open","sticky":false,"template":"","format":"standard","meta":{"footnotes":""},"categories":[1],"tags":[],"class_list":["post-7219","post","type-post","status-publish","format-standard","has-post-thumbnail","hentry","category-uncategorized"],"_links":{"self":[{"href":"https:\/\/suanoticiaaqui.com.br\/news\/wp-json\/wp\/v2\/posts\/7219","targetHints":{"allow":["GET"]}}],"collection":[{"href":"https:\/\/suanoticiaaqui.com.br\/news\/wp-json\/wp\/v2\/posts"}],"about":[{"href":"https:\/\/suanoticiaaqui.com.br\/news\/wp-json\/wp\/v2\/types\/post"}],"author":[{"embeddable":true,"href":"https:\/\/suanoticiaaqui.com.br\/news\/wp-json\/wp\/v2\/users\/1"}],"replies":[{"embeddable":true,"href":"https:\/\/suanoticiaaqui.com.br\/news\/wp-json\/wp\/v2\/comments?post=7219"}],"version-history":[{"count":1,"href":"https:\/\/suanoticiaaqui.com.br\/news\/wp-json\/wp\/v2\/posts\/7219\/revisions"}],"predecessor-version":[{"id":7221,"href":"https:\/\/suanoticiaaqui.com.br\/news\/wp-json\/wp\/v2\/posts\/7219\/revisions\/7221"}],"wp:featuredmedia":[{"embeddable":true,"href":"https:\/\/suanoticiaaqui.com.br\/news\/wp-json\/wp\/v2\/media\/7220"}],"wp:attachment":[{"href":"https:\/\/suanoticiaaqui.com.br\/news\/wp-json\/wp\/v2\/media?parent=7219"}],"wp:term":[{"taxonomy":"category","embeddable":true,"href":"https:\/\/suanoticiaaqui.com.br\/news\/wp-json\/wp\/v2\/categories?post=7219"},{"taxonomy":"post_tag","embeddable":true,"href":"https:\/\/suanoticiaaqui.com.br\/news\/wp-json\/wp\/v2\/tags?post=7219"}],"curies":[{"name":"wp","href":"https:\/\/api.w.org\/{rel}","templated":true}]}}