{"id":7222,"date":"2025-08-01T10:14:30","date_gmt":"2025-08-01T14:14:30","guid":{"rendered":"https:\/\/suanoticiaaqui.com.br\/news\/?p=7222"},"modified":"2025-08-01T10:14:30","modified_gmt":"2025-08-01T14:14:30","slug":"ciclista-fica-em-estado-grave-ao-ser-atropelado-por-caminhao-na-br-163-em-dourados","status":"publish","type":"post","link":"https:\/\/suanoticiaaqui.com.br\/news\/2025\/08\/01\/ciclista-fica-em-estado-grave-ao-ser-atropelado-por-caminhao-na-br-163-em-dourados\/","title":{"rendered":"Ciclista fica em estado grave ao ser atropelado por caminh\u00e3o na BR-163 em Dourados"},"content":{"rendered":"\n<ul class=\"wp-block-list\">\n<li>por Luiz Guilherme<\/li>\n<\/ul>\n\n\n\n<p>Na manh\u00e3 desta sexta-feira (1\/8), ciclista ainda n\u00e3o identificado, foi socorrido em estado grave ap\u00f3s ser atropelado por caminh\u00e3o Mercedes-Benz, azul, na BR-163, entre o Trevo da Bandeira e o Viaduto do DOF, em Dourados.<\/p>\n\n\n\n<p>O rapaz sofreu m\u00faltiplas fraturas e foi socorrido por equipe de resgate da concession\u00e1ria Motiva (ex-CCR), que administra a rodovia em Mato Grosso do Sul.<\/p>\n\n\n\n<p>Conforme apurado pela reportagem, o caminh\u00e3o pertence a uma empresa de ferragens e seguia no sentido Trevo do DOF-Trevo da Bandeira. O motorista alegou que o ciclista estava na contram\u00e3o, por\u00e9m, a vers\u00e3o foi contestada por um colega de trabalho e pelo patr\u00e3o do ciclista.<\/p>\n\n\n\n<p>Segundo eles, o jovem seguia de casa para o local de trabalho na regi\u00e3o do 4\u00ba Plano. A bicicleta ficou totalmente retorcida.<\/p>\n","protected":false},"excerpt":{"rendered":"<p>Na manh\u00e3 desta sexta-feira (1\/8), ciclista ainda n\u00e3o identificado, foi socorrido em estado grave ap\u00f3s ser atropelado por caminh\u00e3o Mercedes-Benz,&hellip;<\/p>\n","protected":false},"author":1,"featured_media":7223,"comment_status":"open","ping_status":"open","sticky":false,"template":"","format":"standard","meta":{"footnotes":""},"categories":[1],"tags":[],"class_list":["post-7222","post","type-post","status-publish","format-standard","has-post-thumbnail","hentry","category-uncategorized"],"_links":{"self":[{"href":"https:\/\/suanoticiaaqui.com.br\/news\/wp-json\/wp\/v2\/posts\/7222","targetHints":{"allow":["GET"]}}],"collection":[{"href":"https:\/\/suanoticiaaqui.com.br\/news\/wp-json\/wp\/v2\/posts"}],"about":[{"href":"https:\/\/suanoticiaaqui.com.br\/news\/wp-json\/wp\/v2\/types\/post"}],"author":[{"embeddable":true,"href":"https:\/\/suanoticiaaqui.com.br\/news\/wp-json\/wp\/v2\/users\/1"}],"replies":[{"embeddable":true,"href":"https:\/\/suanoticiaaqui.com.br\/news\/wp-json\/wp\/v2\/comments?post=7222"}],"version-history":[{"count":1,"href":"https:\/\/suanoticiaaqui.com.br\/news\/wp-json\/wp\/v2\/posts\/7222\/revisions"}],"predecessor-version":[{"id":7224,"href":"https:\/\/suanoticiaaqui.com.br\/news\/wp-json\/wp\/v2\/posts\/7222\/revisions\/7224"}],"wp:featuredmedia":[{"embeddable":true,"href":"https:\/\/suanoticiaaqui.com.br\/news\/wp-json\/wp\/v2\/media\/7223"}],"wp:attachment":[{"href":"https:\/\/suanoticiaaqui.com.br\/news\/wp-json\/wp\/v2\/media?parent=7222"}],"wp:term":[{"taxonomy":"category","embeddable":true,"href":"https:\/\/suanoticiaaqui.com.br\/news\/wp-json\/wp\/v2\/categories?post=7222"},{"taxonomy":"post_tag","embeddable":true,"href":"https:\/\/suanoticiaaqui.com.br\/news\/wp-json\/wp\/v2\/tags?post=7222"}],"curies":[{"name":"wp","href":"https:\/\/api.w.org\/{rel}","templated":true}]}}