{"id":7228,"date":"2025-08-01T10:19:23","date_gmt":"2025-08-01T14:19:23","guid":{"rendered":"https:\/\/suanoticiaaqui.com.br\/news\/?p=7228"},"modified":"2025-08-01T10:19:23","modified_gmt":"2025-08-01T14:19:23","slug":"alckmin-diz-que-negociacao-sobre-tarifaco-comeca-hoje","status":"publish","type":"post","link":"https:\/\/suanoticiaaqui.com.br\/news\/2025\/08\/01\/alckmin-diz-que-negociacao-sobre-tarifaco-comeca-hoje\/","title":{"rendered":"Alckmin diz que negocia\u00e7\u00e3o sobre tarifa\u00e7o \u201ccome\u00e7a hoje\u201d"},"content":{"rendered":"\n<p>Vice-presidente afirma que governo tentar\u00e1 reverter taxa\u00e7\u00e3o de Trump sobre produtos brasileiros<\/p>\n\n\n\n<ul class=\"wp-block-list\">\n<li><a href=\"https:\/\/bradockshow.com.br\/author\/marcotoledo\/\"><\/a>por <a href=\"https:\/\/bradockshow.com.br\/author\/marcotoledo\/\">Marco Toledo<\/a><\/li>\n<\/ul>\n\n\n\n<p>O vice-presidente Geraldo Alckmin afirmou nesta quinta-feira (31) que a negocia\u00e7\u00e3o com os Estados Unidos sobre o tarifa\u00e7o \u201cn\u00e3o terminou, come\u00e7a hoje\u201d.<\/p>\n\n\n\n<p>Em entrevista ao programa&nbsp;<em>Mais Voc\u00ea<\/em>, da TV Globo, ele disse que o governo buscar\u00e1 reverter a taxa\u00e7\u00e3o de 50% aplicada por Donald Trump a produtos brasileiros, como caf\u00e9 e frutas.<\/p>\n\n\n\n<p>Segundo Alckmin, 35,9% das exporta\u00e7\u00f5es nacionais ser\u00e3o diretamente afetadas. \u201cVamos preservar empregos e garantir apoio \u00e0s empresas atingidas. A orienta\u00e7\u00e3o do presidente Lula \u00e9 clara: continuar negociando\u201d, declarou.<\/p>\n\n\n\n<p>O governo prepara um plano de conting\u00eancia para apoiar os setores prejudicados e evitar cortes na produ\u00e7\u00e3o.<\/p>\n\n\n\n<p>A ordem executiva assinada por Trump entrou em vigor no dia 30 e come\u00e7a a valer em 6 de agosto. Apesar da medida, cerca de 700 itens brasileiros foram exclu\u00eddos da nova tarifa. Alckmin lidera pessoalmente as tratativas para conter os impactos da decis\u00e3o.<\/p>\n","protected":false},"excerpt":{"rendered":"<p>Vice-presidente afirma que governo tentar\u00e1 reverter taxa\u00e7\u00e3o de Trump sobre produtos brasileiros O vice-presidente Geraldo Alckmin afirmou nesta quinta-feira (31)&hellip;<\/p>\n","protected":false},"author":1,"featured_media":7229,"comment_status":"open","ping_status":"open","sticky":false,"template":"","format":"standard","meta":{"footnotes":""},"categories":[1],"tags":[],"class_list":["post-7228","post","type-post","status-publish","format-standard","has-post-thumbnail","hentry","category-uncategorized"],"_links":{"self":[{"href":"https:\/\/suanoticiaaqui.com.br\/news\/wp-json\/wp\/v2\/posts\/7228","targetHints":{"allow":["GET"]}}],"collection":[{"href":"https:\/\/suanoticiaaqui.com.br\/news\/wp-json\/wp\/v2\/posts"}],"about":[{"href":"https:\/\/suanoticiaaqui.com.br\/news\/wp-json\/wp\/v2\/types\/post"}],"author":[{"embeddable":true,"href":"https:\/\/suanoticiaaqui.com.br\/news\/wp-json\/wp\/v2\/users\/1"}],"replies":[{"embeddable":true,"href":"https:\/\/suanoticiaaqui.com.br\/news\/wp-json\/wp\/v2\/comments?post=7228"}],"version-history":[{"count":1,"href":"https:\/\/suanoticiaaqui.com.br\/news\/wp-json\/wp\/v2\/posts\/7228\/revisions"}],"predecessor-version":[{"id":7230,"href":"https:\/\/suanoticiaaqui.com.br\/news\/wp-json\/wp\/v2\/posts\/7228\/revisions\/7230"}],"wp:featuredmedia":[{"embeddable":true,"href":"https:\/\/suanoticiaaqui.com.br\/news\/wp-json\/wp\/v2\/media\/7229"}],"wp:attachment":[{"href":"https:\/\/suanoticiaaqui.com.br\/news\/wp-json\/wp\/v2\/media?parent=7228"}],"wp:term":[{"taxonomy":"category","embeddable":true,"href":"https:\/\/suanoticiaaqui.com.br\/news\/wp-json\/wp\/v2\/categories?post=7228"},{"taxonomy":"post_tag","embeddable":true,"href":"https:\/\/suanoticiaaqui.com.br\/news\/wp-json\/wp\/v2\/tags?post=7228"}],"curies":[{"name":"wp","href":"https:\/\/api.w.org\/{rel}","templated":true}]}}