{"id":7232,"date":"2025-08-04T14:35:39","date_gmt":"2025-08-04T18:35:39","guid":{"rendered":"https:\/\/suanoticiaaqui.com.br\/news\/?p=7232"},"modified":"2025-08-04T14:35:39","modified_gmt":"2025-08-04T18:35:39","slug":"trump-reage-com-firmeza-e-posiciona-submarinos-nucleares-contra-ameacas-russas","status":"publish","type":"post","link":"https:\/\/suanoticiaaqui.com.br\/news\/2025\/08\/04\/trump-reage-com-firmeza-e-posiciona-submarinos-nucleares-contra-ameacas-russas\/","title":{"rendered":"Trump reage com firmeza e posiciona submarinos nucleares contra amea\u00e7as russas"},"content":{"rendered":"\n<p>Medida estrat\u00e9gica responde a provoca\u00e7\u00f5es de Medvedev e refor\u00e7a postura de dissuas\u00e3o dos EUA<\/p>\n\n\n\n<ul class=\"wp-block-list\">\n<li><a href=\"https:\/\/bradockshow.com.br\/author\/marcotoledo\/\"><\/a>por <a href=\"https:\/\/bradockshow.com.br\/author\/marcotoledo\/\">Marco Toledo<\/a><\/li>\n<\/ul>\n\n\n\n<p>O presidente Donald Trump determinou o posicionamento de dois submarinos nucleares em resposta direta \u00e0s amea\u00e7as do ex-presidente russo Dmitry Medvedev.<\/p>\n\n\n\n<p>A decis\u00e3o foi anunciada nesta sexta-feira na Truth Social, ap\u00f3s Medvedev, hoje vice do Conselho de Seguran\u00e7a da R\u00fassia, amea\u00e7ar Trump com uma arma nuclear \u201capocal\u00edptica\u201d.<\/p>\n\n\n\n<p>Trump classificou as declara\u00e7\u00f5es russas como \u201ctolas e inflamadas\u201d e refor\u00e7ou que os EUA est\u00e3o prontos para agir, caso o discurso agressivo ultrapasse o campo da ret\u00f3rica.<\/p>\n\n\n\n<p>O l\u00edder norte-americano n\u00e3o revelou as localiza\u00e7\u00f5es, mas deixou claro que os submarinos foram enviados a &#8220;regi\u00f5es apropriadas&#8221;.<\/p>\n\n\n\n<p>A resposta de Trump mostra firmeza diante de amea\u00e7as externas e destaca o papel dos EUA na conten\u00e7\u00e3o de regimes hostis. Ao chamar Medvedev de \u201cfracassado\u201d e alertar para o \u201cterrit\u00f3rio perigoso\u201d que o russo tenta explorar, Trump deixou claro que n\u00e3o recuar\u00e1 frente a intimida\u00e7\u00f5es, reafirmando o compromisso com a seguran\u00e7a americana e global.<\/p>\n","protected":false},"excerpt":{"rendered":"<p>Medida estrat\u00e9gica responde a provoca\u00e7\u00f5es de Medvedev e refor\u00e7a postura de dissuas\u00e3o dos EUA O presidente Donald Trump determinou o&hellip;<\/p>\n","protected":false},"author":1,"featured_media":7233,"comment_status":"open","ping_status":"open","sticky":false,"template":"","format":"standard","meta":{"footnotes":""},"categories":[1],"tags":[],"class_list":["post-7232","post","type-post","status-publish","format-standard","has-post-thumbnail","hentry","category-uncategorized"],"_links":{"self":[{"href":"https:\/\/suanoticiaaqui.com.br\/news\/wp-json\/wp\/v2\/posts\/7232","targetHints":{"allow":["GET"]}}],"collection":[{"href":"https:\/\/suanoticiaaqui.com.br\/news\/wp-json\/wp\/v2\/posts"}],"about":[{"href":"https:\/\/suanoticiaaqui.com.br\/news\/wp-json\/wp\/v2\/types\/post"}],"author":[{"embeddable":true,"href":"https:\/\/suanoticiaaqui.com.br\/news\/wp-json\/wp\/v2\/users\/1"}],"replies":[{"embeddable":true,"href":"https:\/\/suanoticiaaqui.com.br\/news\/wp-json\/wp\/v2\/comments?post=7232"}],"version-history":[{"count":1,"href":"https:\/\/suanoticiaaqui.com.br\/news\/wp-json\/wp\/v2\/posts\/7232\/revisions"}],"predecessor-version":[{"id":7234,"href":"https:\/\/suanoticiaaqui.com.br\/news\/wp-json\/wp\/v2\/posts\/7232\/revisions\/7234"}],"wp:featuredmedia":[{"embeddable":true,"href":"https:\/\/suanoticiaaqui.com.br\/news\/wp-json\/wp\/v2\/media\/7233"}],"wp:attachment":[{"href":"https:\/\/suanoticiaaqui.com.br\/news\/wp-json\/wp\/v2\/media?parent=7232"}],"wp:term":[{"taxonomy":"category","embeddable":true,"href":"https:\/\/suanoticiaaqui.com.br\/news\/wp-json\/wp\/v2\/categories?post=7232"},{"taxonomy":"post_tag","embeddable":true,"href":"https:\/\/suanoticiaaqui.com.br\/news\/wp-json\/wp\/v2\/tags?post=7232"}],"curies":[{"name":"wp","href":"https:\/\/api.w.org\/{rel}","templated":true}]}}