{"id":7235,"date":"2025-08-04T14:38:15","date_gmt":"2025-08-04T18:38:15","guid":{"rendered":"https:\/\/suanoticiaaqui.com.br\/news\/?p=7235"},"modified":"2025-08-04T14:38:15","modified_gmt":"2025-08-04T18:38:15","slug":"mulher-morre-apos-motocicleta-bater-em-caminhonete-na-avenida-guaicurus","status":"publish","type":"post","link":"https:\/\/suanoticiaaqui.com.br\/news\/2025\/08\/04\/mulher-morre-apos-motocicleta-bater-em-caminhonete-na-avenida-guaicurus\/","title":{"rendered":"Mulher morre ap\u00f3s motocicleta bater em caminhonete na Avenida Guaicurus"},"content":{"rendered":"\n<ul class=\"wp-block-list\">\n<li>por Luiz Guilherme<\/li>\n<\/ul>\n\n\n\n<p>Luciene Fernandes, de 37 anos, morreu no final da tarde desta sexta-feira (1\/7), ap\u00f3s a moto em que ela estava bater em uma caminhonete na rotat\u00f3ria da Avenida Guaicurus com a Rua Ivo Alves da Rocha, em Dourados.<\/p>\n\n\n\n<p>Conforme informa\u00e7\u00f5es apuradas pela reportagem, Luciene seguia na garupa de uma Honda Biz, pilotada pelo filho de 20 anos. Eles retornavam de um mercado e seguiam para casa, na Reserva Ind\u00edgena.<\/p>\n\n\n\n<p>O motorista envolvido na batida, disse que a moto bateu na lateral do seu ve\u00edculo ao entrar na rotat\u00f3ria que d\u00e1 acesso ao HU-UFGD (Hospital Universit\u00e1rio da Universidade Federal da Grande Dourados).<\/p>\n\n\n\n<p>As circunst\u00e2ncias da colis\u00e3o ainda ser\u00e3o apuradas pela pol\u00edcia. O condutor parou para prestar socorro, mas, diante da aglomera\u00e7\u00e3o de moradores, foi orientado a deixar o local.<\/p>\n\n\n\n<p>Equipes do Samu (Servi\u00e7o de Atendimento M\u00f3vel de Urg\u00eancia) foram acionadas e constataram a morte de Luciene no local. O filho da v\u00edtima n\u00e3o se feriu e as compras feitas no mercado ficaram espalhadas pela rua.<\/p>\n\n\n\n<p><strong>Segundo acidente<\/strong><\/p>\n\n\n\n<p>Este foi o segundo acidente com morte envolvendo ind\u00edgenas em Dourados. Na manh\u00e3 de quinta-feira (31\/7), o ciclista Ad\u00e3o Brites Amarilia, de 42 anos, morreu atropelado por uma carreta no anel vi\u00e1rio entre a Avenida Guaicurus e a MS-156, quando tentava atravessar a pista.<\/p>\n","protected":false},"excerpt":{"rendered":"<p>Luciene Fernandes, de 37 anos, morreu no final da tarde desta sexta-feira (1\/7), ap\u00f3s a moto em que ela estava&hellip;<\/p>\n","protected":false},"author":1,"featured_media":7236,"comment_status":"open","ping_status":"open","sticky":false,"template":"","format":"standard","meta":{"footnotes":""},"categories":[1],"tags":[],"class_list":["post-7235","post","type-post","status-publish","format-standard","has-post-thumbnail","hentry","category-uncategorized"],"_links":{"self":[{"href":"https:\/\/suanoticiaaqui.com.br\/news\/wp-json\/wp\/v2\/posts\/7235","targetHints":{"allow":["GET"]}}],"collection":[{"href":"https:\/\/suanoticiaaqui.com.br\/news\/wp-json\/wp\/v2\/posts"}],"about":[{"href":"https:\/\/suanoticiaaqui.com.br\/news\/wp-json\/wp\/v2\/types\/post"}],"author":[{"embeddable":true,"href":"https:\/\/suanoticiaaqui.com.br\/news\/wp-json\/wp\/v2\/users\/1"}],"replies":[{"embeddable":true,"href":"https:\/\/suanoticiaaqui.com.br\/news\/wp-json\/wp\/v2\/comments?post=7235"}],"version-history":[{"count":1,"href":"https:\/\/suanoticiaaqui.com.br\/news\/wp-json\/wp\/v2\/posts\/7235\/revisions"}],"predecessor-version":[{"id":7237,"href":"https:\/\/suanoticiaaqui.com.br\/news\/wp-json\/wp\/v2\/posts\/7235\/revisions\/7237"}],"wp:featuredmedia":[{"embeddable":true,"href":"https:\/\/suanoticiaaqui.com.br\/news\/wp-json\/wp\/v2\/media\/7236"}],"wp:attachment":[{"href":"https:\/\/suanoticiaaqui.com.br\/news\/wp-json\/wp\/v2\/media?parent=7235"}],"wp:term":[{"taxonomy":"category","embeddable":true,"href":"https:\/\/suanoticiaaqui.com.br\/news\/wp-json\/wp\/v2\/categories?post=7235"},{"taxonomy":"post_tag","embeddable":true,"href":"https:\/\/suanoticiaaqui.com.br\/news\/wp-json\/wp\/v2\/tags?post=7235"}],"curies":[{"name":"wp","href":"https:\/\/api.w.org\/{rel}","templated":true}]}}