{"id":7238,"date":"2025-08-04T14:39:14","date_gmt":"2025-08-04T18:39:14","guid":{"rendered":"https:\/\/suanoticiaaqui.com.br\/news\/?p=7238"},"modified":"2025-08-04T14:39:14","modified_gmt":"2025-08-04T18:39:14","slug":"dupla-e-presa-pela-policia-militar-com-motocicleta-furtada-ha-2-meses-em-dourados","status":"publish","type":"post","link":"https:\/\/suanoticiaaqui.com.br\/news\/2025\/08\/04\/dupla-e-presa-pela-policia-militar-com-motocicleta-furtada-ha-2-meses-em-dourados\/","title":{"rendered":"Dupla \u00e9 presa pela Pol\u00edcia Militar com motocicleta furtada h\u00e1 2 meses em Dourados"},"content":{"rendered":"\n<ul class=\"wp-block-list\">\n<li>por Luiz Guilherme<\/li>\n<\/ul>\n\n\n\n<p>Por volta das 3h deste s\u00e1bado (2\/8), dois homens foram presos pela PM (Pol\u00edcia Militar) por recepta\u00e7\u00e3o de ve\u00edculo furtado ap\u00f3s abordagem na Avenida Weimar Gon\u00e7alves Torres, na regi\u00e3o central de Dourados.<\/p>\n\n\n\n<p>Segundo o boletim de ocorr\u00eancia, os militares flagraram uma motocicleta Honda Titan desrespeitando as normas de tr\u00e2nsito, sendo que o condutor ao avistar a viatura, tentou fugir, mas foram interceptados.<\/p>\n\n\n\n<p>Durante verifica\u00e7\u00e3o no sistema policial, foi constatado que a moto havia registro de furto em 15 de junho deste ano. O motociclista, de 21 anos, alegou ter comprado o ve\u00edculo h\u00e1 tr\u00eas meses por R$ 2,5 mil, atrav\u00e9s de an\u00fancio online, mas n\u00e3o apresentou documenta\u00e7\u00e3o que comprovasse a origem l\u00edcita.<\/p>\n\n\n\n<p>Diante do flagrante, ambos foram conduzidos \u00e0 Depac (Delegacia de Pronto Atendimento Comunit\u00e1rio) para as provid\u00eancias cab\u00edveis.<\/p>\n\n\n\n<figure class=\"wp-block-image\"><a class=\"gallery-item\" href=\"https:\/\/ligadonanoticia.com.br\/media\/editorjs\/whatsapp_image_2025_08_02_at_07_1754144443,4927.jpg\"><img decoding=\"async\" src=\"https:\/\/ligadonanoticia.com.br\/media\/editorjs\/whatsapp_image_2025_08_02_at_07_1754144443,4927.jpg\" alt=\"\"\/><\/a><figcaption class=\"wp-element-caption\">Dupla sendo conduzida para a carceragem da Depac<\/figcaption><\/figure>\n","protected":false},"excerpt":{"rendered":"<p>Por volta das 3h deste s\u00e1bado (2\/8), dois homens foram presos pela PM (Pol\u00edcia Militar) por recepta\u00e7\u00e3o de ve\u00edculo furtado&hellip;<\/p>\n","protected":false},"author":1,"featured_media":7239,"comment_status":"open","ping_status":"open","sticky":false,"template":"","format":"standard","meta":{"footnotes":""},"categories":[1],"tags":[],"class_list":["post-7238","post","type-post","status-publish","format-standard","has-post-thumbnail","hentry","category-uncategorized"],"_links":{"self":[{"href":"https:\/\/suanoticiaaqui.com.br\/news\/wp-json\/wp\/v2\/posts\/7238","targetHints":{"allow":["GET"]}}],"collection":[{"href":"https:\/\/suanoticiaaqui.com.br\/news\/wp-json\/wp\/v2\/posts"}],"about":[{"href":"https:\/\/suanoticiaaqui.com.br\/news\/wp-json\/wp\/v2\/types\/post"}],"author":[{"embeddable":true,"href":"https:\/\/suanoticiaaqui.com.br\/news\/wp-json\/wp\/v2\/users\/1"}],"replies":[{"embeddable":true,"href":"https:\/\/suanoticiaaqui.com.br\/news\/wp-json\/wp\/v2\/comments?post=7238"}],"version-history":[{"count":1,"href":"https:\/\/suanoticiaaqui.com.br\/news\/wp-json\/wp\/v2\/posts\/7238\/revisions"}],"predecessor-version":[{"id":7240,"href":"https:\/\/suanoticiaaqui.com.br\/news\/wp-json\/wp\/v2\/posts\/7238\/revisions\/7240"}],"wp:featuredmedia":[{"embeddable":true,"href":"https:\/\/suanoticiaaqui.com.br\/news\/wp-json\/wp\/v2\/media\/7239"}],"wp:attachment":[{"href":"https:\/\/suanoticiaaqui.com.br\/news\/wp-json\/wp\/v2\/media?parent=7238"}],"wp:term":[{"taxonomy":"category","embeddable":true,"href":"https:\/\/suanoticiaaqui.com.br\/news\/wp-json\/wp\/v2\/categories?post=7238"},{"taxonomy":"post_tag","embeddable":true,"href":"https:\/\/suanoticiaaqui.com.br\/news\/wp-json\/wp\/v2\/tags?post=7238"}],"curies":[{"name":"wp","href":"https:\/\/api.w.org\/{rel}","templated":true}]}}