{"id":7247,"date":"2025-08-04T14:42:12","date_gmt":"2025-08-04T18:42:12","guid":{"rendered":"https:\/\/suanoticiaaqui.com.br\/news\/?p=7247"},"modified":"2025-08-04T14:42:12","modified_gmt":"2025-08-04T18:42:12","slug":"motociclista-sofre-acidente-de-moto-na-marcelino-pires-com-br-163-morre-no-hv","status":"publish","type":"post","link":"https:\/\/suanoticiaaqui.com.br\/news\/2025\/08\/04\/motociclista-sofre-acidente-de-moto-na-marcelino-pires-com-br-163-morre-no-hv\/","title":{"rendered":"Motociclista sofre acidente de moto na Marcelino Pires com BR-163 morre no HV"},"content":{"rendered":"\n<ul class=\"wp-block-list\">\n<li>\u00a0por Luiz Guilherme e Sidnei Bronka<\/li>\n<\/ul>\n\n\n\n<p>Motociclista identificado como F\u00e1bio Luan de Souza Lima, de 34 anos, foi encontrado ca\u00eddo na manh\u00e3 deste domingo (3\/8), na rotat\u00f3rio entre a Avenida Marcelino Pires e a BR-163, em Dourados, ao lado da sua motocicleta Twister 250, vermelha, placa do Mercosul.<\/p>\n\n\n\n<p>Informa\u00e7\u00f5es apuradas pela reportagem d\u00e3o conta de que um funcion\u00e1rio da Motiva, antiga CCR MS Via, que administra a rodovia em Mato Grosso do Sul, passava pelo local e ao ver a v\u00edtima ca\u00edda, acionou o socorro.<\/p>\n\n\n\n<p>O homem foi levado para o HV (Hospital da Vida), onde passou por procedimentos de reanima\u00e7\u00e3o, por\u00e9m, ele n\u00e3o resistiu.<\/p>\n\n\n\n<p>A PRF (Pol\u00edcia Rodovi\u00e1ria Federal) esteve no local, e agora o caso dever\u00e1 ser repassado para a PC (Pol\u00edcia Civil) que investigar\u00e1 as circunst\u00e2ncias do caso.<\/p>\n\n\n\n<figure class=\"wp-block-image\"><a class=\"gallery-item\" href=\"https:\/\/ligadonanoticia.com.br\/media\/editorjs\/whatsapp_image_2025_08_03_at_08_1754224067,836.jpg\"><img decoding=\"async\" src=\"https:\/\/ligadonanoticia.com.br\/media\/editorjs\/whatsapp_image_2025_08_03_at_08_1754224067,836.jpg\" alt=\"\"\/><\/a><figcaption class=\"wp-element-caption\">Motocicleta da v\u00edtima<\/figcaption><\/figure>\n","protected":false},"excerpt":{"rendered":"<p>Motociclista identificado como F\u00e1bio Luan de Souza Lima, de 34 anos, foi encontrado ca\u00eddo na manh\u00e3 deste domingo (3\/8), na&hellip;<\/p>\n","protected":false},"author":1,"featured_media":7248,"comment_status":"open","ping_status":"open","sticky":false,"template":"","format":"standard","meta":{"footnotes":""},"categories":[1],"tags":[],"class_list":["post-7247","post","type-post","status-publish","format-standard","has-post-thumbnail","hentry","category-uncategorized"],"_links":{"self":[{"href":"https:\/\/suanoticiaaqui.com.br\/news\/wp-json\/wp\/v2\/posts\/7247","targetHints":{"allow":["GET"]}}],"collection":[{"href":"https:\/\/suanoticiaaqui.com.br\/news\/wp-json\/wp\/v2\/posts"}],"about":[{"href":"https:\/\/suanoticiaaqui.com.br\/news\/wp-json\/wp\/v2\/types\/post"}],"author":[{"embeddable":true,"href":"https:\/\/suanoticiaaqui.com.br\/news\/wp-json\/wp\/v2\/users\/1"}],"replies":[{"embeddable":true,"href":"https:\/\/suanoticiaaqui.com.br\/news\/wp-json\/wp\/v2\/comments?post=7247"}],"version-history":[{"count":1,"href":"https:\/\/suanoticiaaqui.com.br\/news\/wp-json\/wp\/v2\/posts\/7247\/revisions"}],"predecessor-version":[{"id":7249,"href":"https:\/\/suanoticiaaqui.com.br\/news\/wp-json\/wp\/v2\/posts\/7247\/revisions\/7249"}],"wp:featuredmedia":[{"embeddable":true,"href":"https:\/\/suanoticiaaqui.com.br\/news\/wp-json\/wp\/v2\/media\/7248"}],"wp:attachment":[{"href":"https:\/\/suanoticiaaqui.com.br\/news\/wp-json\/wp\/v2\/media?parent=7247"}],"wp:term":[{"taxonomy":"category","embeddable":true,"href":"https:\/\/suanoticiaaqui.com.br\/news\/wp-json\/wp\/v2\/categories?post=7247"},{"taxonomy":"post_tag","embeddable":true,"href":"https:\/\/suanoticiaaqui.com.br\/news\/wp-json\/wp\/v2\/tags?post=7247"}],"curies":[{"name":"wp","href":"https:\/\/api.w.org\/{rel}","templated":true}]}}