{"id":7253,"date":"2025-08-04T14:49:52","date_gmt":"2025-08-04T18:49:52","guid":{"rendered":"https:\/\/suanoticiaaqui.com.br\/news\/?p=7253"},"modified":"2025-08-04T14:49:52","modified_gmt":"2025-08-04T18:49:52","slug":"assessor-de-deputado-estadual-morre-atropelado-em-campo-grande","status":"publish","type":"post","link":"https:\/\/suanoticiaaqui.com.br\/news\/2025\/08\/04\/assessor-de-deputado-estadual-morre-atropelado-em-campo-grande\/","title":{"rendered":"Assessor de deputado estadual morre atropelado em Campo Grande"},"content":{"rendered":"\n<ul class=\"wp-block-list\">\n<li>\u00a0por Ligado na Noticia<\/li>\n<\/ul>\n\n\n\n<p>Morreu atropelado por volta de 0h30 deste domingo (3\/8), na Avenida Ernesto Geisel com a Rua Bom Sucesso, na Vila Marcos Roberto, em Campo Grande, Luiz Torchetti, de 35 anos, assessor do deputado estadual Roberto Hashioka e que tamb\u00e9m atuava como vice-presidente da Uni\u00e3o Jovem e conselheiro estadual do Conjuv (Conselho da Juventude) no estado.<\/p>\n\n\n\n<p>Segundo o Campo Grande News, ele e o amigo, de 28 anos, que est\u00e1 em estado grave, foram atropelados enquanto atravessavam a referida avenida. O outro rapaz foi socorrido pelo Corpo de Bombeiros e encaminhado para a Santa Casa.<\/p>\n\n\n\n<p>O acidente aconteceu quando eles voltavam do evento Tardezinha, do cantor Thiaguinho.<\/p>\n\n\n\n<p>Foi realizado o baf\u00f4metro no condutor do Chevrolet Prisma, que obteve resultado negativo. Diante da situa\u00e7\u00e3o, ele passou mal, mas n\u00e3o precisou ser encaminhado ao hospital.<\/p>\n\n\n\n<p>Testemunha que presenciou o acidente disse \u00e0 pol\u00edcia que viu os pedestres atravessando correndo na faixa, enquanto o sinal estava verde para o tr\u00e1fego de carros.<\/p>\n\n\n\n<p>Desde 2018, Luiz era atuante na defesa de pautas ligadas \u00e0 juventude, se mostrando presente em discuss\u00f5es sobre pol\u00edticas p\u00fablicas e a\u00e7\u00f5es sociais voltadas ao p\u00fablico jovem no estado.<\/p>\n\n\n\n<p>No Instagram, Hashioka publicou uma nota de pesar destacando as qualidades de Luiz.<\/p>\n\n\n\n<p>\u201cEra daqueles que faziam a diferen\u00e7a no dia a dia, sempre disposto, generoso e leal. Um profissional exemplar, mas, acima de tudo, uma pessoa do bem, que levava leveza e companheirismo por onde passava. \u00c9 dif\u00edcil colocar em palavras a dor dessa perda. Ficam a saudade, o respeito e a gratid\u00e3o por tudo que vivemos juntos\u201d, lamentou.<\/p>\n","protected":false},"excerpt":{"rendered":"<p>Morreu atropelado por volta de 0h30 deste domingo (3\/8), na Avenida Ernesto Geisel com a Rua Bom Sucesso, na Vila&hellip;<\/p>\n","protected":false},"author":1,"featured_media":7254,"comment_status":"open","ping_status":"open","sticky":false,"template":"","format":"standard","meta":{"footnotes":""},"categories":[1],"tags":[],"class_list":["post-7253","post","type-post","status-publish","format-standard","has-post-thumbnail","hentry","category-uncategorized"],"_links":{"self":[{"href":"https:\/\/suanoticiaaqui.com.br\/news\/wp-json\/wp\/v2\/posts\/7253","targetHints":{"allow":["GET"]}}],"collection":[{"href":"https:\/\/suanoticiaaqui.com.br\/news\/wp-json\/wp\/v2\/posts"}],"about":[{"href":"https:\/\/suanoticiaaqui.com.br\/news\/wp-json\/wp\/v2\/types\/post"}],"author":[{"embeddable":true,"href":"https:\/\/suanoticiaaqui.com.br\/news\/wp-json\/wp\/v2\/users\/1"}],"replies":[{"embeddable":true,"href":"https:\/\/suanoticiaaqui.com.br\/news\/wp-json\/wp\/v2\/comments?post=7253"}],"version-history":[{"count":1,"href":"https:\/\/suanoticiaaqui.com.br\/news\/wp-json\/wp\/v2\/posts\/7253\/revisions"}],"predecessor-version":[{"id":7255,"href":"https:\/\/suanoticiaaqui.com.br\/news\/wp-json\/wp\/v2\/posts\/7253\/revisions\/7255"}],"wp:featuredmedia":[{"embeddable":true,"href":"https:\/\/suanoticiaaqui.com.br\/news\/wp-json\/wp\/v2\/media\/7254"}],"wp:attachment":[{"href":"https:\/\/suanoticiaaqui.com.br\/news\/wp-json\/wp\/v2\/media?parent=7253"}],"wp:term":[{"taxonomy":"category","embeddable":true,"href":"https:\/\/suanoticiaaqui.com.br\/news\/wp-json\/wp\/v2\/categories?post=7253"},{"taxonomy":"post_tag","embeddable":true,"href":"https:\/\/suanoticiaaqui.com.br\/news\/wp-json\/wp\/v2\/tags?post=7253"}],"curies":[{"name":"wp","href":"https:\/\/api.w.org\/{rel}","templated":true}]}}