{"id":7256,"date":"2025-08-04T15:07:48","date_gmt":"2025-08-04T19:07:48","guid":{"rendered":"https:\/\/suanoticiaaqui.com.br\/news\/?p=7256"},"modified":"2025-08-04T15:07:48","modified_gmt":"2025-08-04T19:07:48","slug":"aced-abre-inscricoes-para-o-28o-concurso-de-fotografia","status":"publish","type":"post","link":"https:\/\/suanoticiaaqui.com.br\/news\/2025\/08\/04\/aced-abre-inscricoes-para-o-28o-concurso-de-fotografia\/","title":{"rendered":"Aced abre inscri\u00e7\u00f5es para o 28\u00ba Concurso de Fotografia"},"content":{"rendered":"\n<ul class=\"wp-block-list\">\n<li>\u00a0por Ligado na Noticia<\/li>\n<\/ul>\n\n\n\n<p>Est\u00e3o oficialmente abertas as inscri\u00e7\u00f5es para o 28\u00ba Concurso de Fotografia da Aced (Associa\u00e7\u00e3o Comercial e Empresarial de Dourados). O prazo segue at\u00e9 o dia 31 de agosto de 2025 e os interessados j\u00e1 podem se inscrever exclusivamente no link:&nbsp;<a href=\"http:\/\/www.aceddourados.com.br\/concurso-de-fotografia-2025\">www.aceddourados.com.br\/concurso-de-fotografia-2025<\/a>.<\/p>\n\n\n\n<p>Com o tema \u201cMade in Dourados\/MS: O melhor da nossa terra\u201d, a proposta \u00e9 que os participantes capturem, por meio da fotografia, a ess\u00eancia da produ\u00e7\u00e3o local, do campo \u00e0 cidade, do artesanato ao agro e \u00e0s grandes ind\u00fastrias, valorizando o talento e a identidade douradense.<\/p>\n\n\n\n<p>O concurso \u00e9 aberto a fot\u00f3grafos amadores e profissionais, com tr\u00eas categorias: C\u00e2mera Fotogr\u00e1fica, Smartphone e A\u00e9rea. Cada participante pode inscrever at\u00e9 tr\u00eas imagens por categoria, mediante o pagamento de uma taxa de R$ 30,00 por categoria escolhida.<\/p>\n\n\n\n<p>As imagens devem ser in\u00e9ditas, capturadas exclusivamente em Dourados (zona urbana, rural ou distritos), e devem seguir todas as especifica\u00e7\u00f5es t\u00e9cnicas e art\u00edsticas definidas no regulamento, dispon\u00edvel no mesmo link da inscri\u00e7\u00e3o, no site da Associa\u00e7\u00e3o.<\/p>\n\n\n\n<p>As inscri\u00e7\u00f5es seguem at\u00e9 o dia 31 de agosto e o envio das fotos ser\u00e1 1\u00ba a 15 de setembro.<\/p>\n","protected":false},"excerpt":{"rendered":"<p>Est\u00e3o oficialmente abertas as inscri\u00e7\u00f5es para o 28\u00ba Concurso de Fotografia da Aced (Associa\u00e7\u00e3o Comercial e Empresarial de Dourados). O&hellip;<\/p>\n","protected":false},"author":1,"featured_media":7257,"comment_status":"open","ping_status":"open","sticky":false,"template":"","format":"standard","meta":{"footnotes":""},"categories":[1],"tags":[],"class_list":["post-7256","post","type-post","status-publish","format-standard","has-post-thumbnail","hentry","category-uncategorized"],"_links":{"self":[{"href":"https:\/\/suanoticiaaqui.com.br\/news\/wp-json\/wp\/v2\/posts\/7256","targetHints":{"allow":["GET"]}}],"collection":[{"href":"https:\/\/suanoticiaaqui.com.br\/news\/wp-json\/wp\/v2\/posts"}],"about":[{"href":"https:\/\/suanoticiaaqui.com.br\/news\/wp-json\/wp\/v2\/types\/post"}],"author":[{"embeddable":true,"href":"https:\/\/suanoticiaaqui.com.br\/news\/wp-json\/wp\/v2\/users\/1"}],"replies":[{"embeddable":true,"href":"https:\/\/suanoticiaaqui.com.br\/news\/wp-json\/wp\/v2\/comments?post=7256"}],"version-history":[{"count":1,"href":"https:\/\/suanoticiaaqui.com.br\/news\/wp-json\/wp\/v2\/posts\/7256\/revisions"}],"predecessor-version":[{"id":7258,"href":"https:\/\/suanoticiaaqui.com.br\/news\/wp-json\/wp\/v2\/posts\/7256\/revisions\/7258"}],"wp:featuredmedia":[{"embeddable":true,"href":"https:\/\/suanoticiaaqui.com.br\/news\/wp-json\/wp\/v2\/media\/7257"}],"wp:attachment":[{"href":"https:\/\/suanoticiaaqui.com.br\/news\/wp-json\/wp\/v2\/media?parent=7256"}],"wp:term":[{"taxonomy":"category","embeddable":true,"href":"https:\/\/suanoticiaaqui.com.br\/news\/wp-json\/wp\/v2\/categories?post=7256"},{"taxonomy":"post_tag","embeddable":true,"href":"https:\/\/suanoticiaaqui.com.br\/news\/wp-json\/wp\/v2\/tags?post=7256"}],"curies":[{"name":"wp","href":"https:\/\/api.w.org\/{rel}","templated":true}]}}