{"id":7259,"date":"2025-08-04T15:08:38","date_gmt":"2025-08-04T19:08:38","guid":{"rendered":"https:\/\/suanoticiaaqui.com.br\/news\/?p=7259"},"modified":"2025-08-04T15:08:38","modified_gmt":"2025-08-04T19:08:38","slug":"morre-rapaz-baleado-com-tiro-no-peito-em-dourados-autor-se-apresenta-na-depac","status":"publish","type":"post","link":"https:\/\/suanoticiaaqui.com.br\/news\/2025\/08\/04\/morre-rapaz-baleado-com-tiro-no-peito-em-dourados-autor-se-apresenta-na-depac\/","title":{"rendered":"Morre rapaz baleado com tiro no peito em Dourados; autor se apresenta na Depac"},"content":{"rendered":"\n<ul class=\"wp-block-list\">\n<li>por Luiz Guilherme<\/li>\n<\/ul>\n\n\n\n<p>Fabr\u00edcio de Souza dos Santos Neves, de 21 anos, morreu na noite deste domingo (3\/8), logo ap\u00f3s dar entrada no HV (Hospital da Vida) com um tiro no peito. Ele foi encontrado j\u00e1 ferido na Rua Ponta Por\u00e3, na regi\u00e3o da Vila Mary, em Dourados, conforme mostrado pela reportagem.<\/p>\n\n\n\n<p>Conforme o boletim de ocorr\u00eancia, por volta das 17h, Fabr\u00edcio saiu de casa com um amigo que pilotava motocicleta Biz branca. \u00c0s 19h14, a irm\u00e3 do rapaz recebeu liga\u00e7\u00e3o informa\u00e7\u00e3o que ele havia sido baleado nas proximidades de um supermercado.<\/p>\n\n\n\n<p>O \u00f3bito foi confirmado por volta das 20h50.<\/p>\n\n\n\n<p>O autor do homic\u00eddio, identificado como Patrick, se apresentou ainda na noite de ontem, na Depac (Delegacia de Pronto Atendimento Comunit\u00e1rio). Contra ele, j\u00e1 havia mandado de pris\u00e3o em aberto.<\/p>\n\n\n\n<p>Ainda segundo o registro policial, a fam\u00edlia acredita que o alvo do assassino seria o amigo de Fabr\u00edcio, j\u00e1 que ele teria se envolvido em uma briga com a ex-companheira, que por sua vez, acionou a pol\u00edcia.<\/p>\n\n\n\n<p>O conflito familiar teria motivado repres\u00e1lias por parte de parentes da jovem.<\/p>\n\n\n\n<p>Testemunhas relataram \u00e0 PC (Pol\u00edcia Civil) que Patrick foi at\u00e9 a casa onde o Fabr\u00edcio e o amigo estavam e os amea\u00e7ou. Segundo uma prima do rapaz que seria o verdadeiro alvo, o autor teria agido por ci\u00fames, acusando os dois de envolvimento com sua namorada.<\/p>\n\n\n\n<p>O boletim de ocorr\u00eancia detalha ainda que Fabr\u00edcio tentou fugir pilotando sua motocicleta, mas caiu na Rua Ponta Por\u00e3. Mesmo gravemente ferido, tentou se levantar, mas caiu novamente e permaneceu no local at\u00e9 a chegada do socorro.<\/p>\n\n\n\n<p>A motocicleta usada por ele, uma Honda CG Titan vermelha com placa de Nova Alvorada do Sul, foi apreendida pela pol\u00edcia por apresentar sinais de adultera\u00e7\u00e3o na numera\u00e7\u00e3o do motor. A per\u00edcia n\u00e3o conseguiu determinar o calibre da arma usada, j\u00e1 que o local exato do ataque n\u00e3o foi identificado.<\/p>\n\n\n\n<p>O paradeiro do amigo dele continua desconhecido. A m\u00e3e dele teria informado a conhecidos que o filho fugiu para a cidade de Rio Brilhante, mas a informa\u00e7\u00e3o ainda n\u00e3o foi confirmada.<\/p>\n\n\n\n<p>Agora, a Pol\u00edcia Civil investiga se Fabr\u00edcio foi, de fato, morto por engano.<\/p>\n","protected":false},"excerpt":{"rendered":"<p>Fabr\u00edcio de Souza dos Santos Neves, de 21 anos, morreu na noite deste domingo (3\/8), logo ap\u00f3s dar entrada no&hellip;<\/p>\n","protected":false},"author":1,"featured_media":7260,"comment_status":"open","ping_status":"open","sticky":false,"template":"","format":"standard","meta":{"footnotes":""},"categories":[1],"tags":[],"class_list":["post-7259","post","type-post","status-publish","format-standard","has-post-thumbnail","hentry","category-uncategorized"],"_links":{"self":[{"href":"https:\/\/suanoticiaaqui.com.br\/news\/wp-json\/wp\/v2\/posts\/7259","targetHints":{"allow":["GET"]}}],"collection":[{"href":"https:\/\/suanoticiaaqui.com.br\/news\/wp-json\/wp\/v2\/posts"}],"about":[{"href":"https:\/\/suanoticiaaqui.com.br\/news\/wp-json\/wp\/v2\/types\/post"}],"author":[{"embeddable":true,"href":"https:\/\/suanoticiaaqui.com.br\/news\/wp-json\/wp\/v2\/users\/1"}],"replies":[{"embeddable":true,"href":"https:\/\/suanoticiaaqui.com.br\/news\/wp-json\/wp\/v2\/comments?post=7259"}],"version-history":[{"count":1,"href":"https:\/\/suanoticiaaqui.com.br\/news\/wp-json\/wp\/v2\/posts\/7259\/revisions"}],"predecessor-version":[{"id":7261,"href":"https:\/\/suanoticiaaqui.com.br\/news\/wp-json\/wp\/v2\/posts\/7259\/revisions\/7261"}],"wp:featuredmedia":[{"embeddable":true,"href":"https:\/\/suanoticiaaqui.com.br\/news\/wp-json\/wp\/v2\/media\/7260"}],"wp:attachment":[{"href":"https:\/\/suanoticiaaqui.com.br\/news\/wp-json\/wp\/v2\/media?parent=7259"}],"wp:term":[{"taxonomy":"category","embeddable":true,"href":"https:\/\/suanoticiaaqui.com.br\/news\/wp-json\/wp\/v2\/categories?post=7259"},{"taxonomy":"post_tag","embeddable":true,"href":"https:\/\/suanoticiaaqui.com.br\/news\/wp-json\/wp\/v2\/tags?post=7259"}],"curies":[{"name":"wp","href":"https:\/\/api.w.org\/{rel}","templated":true}]}}