{"id":7265,"date":"2025-08-04T15:16:22","date_gmt":"2025-08-04T19:16:22","guid":{"rendered":"https:\/\/suanoticiaaqui.com.br\/news\/?p=7265"},"modified":"2025-08-04T15:16:22","modified_gmt":"2025-08-04T19:16:22","slug":"quem-quer-um-brasil-melhor-esta-na-rua-afirma-marcel-em-manifestacao-em-porto-alegre","status":"publish","type":"post","link":"https:\/\/suanoticiaaqui.com.br\/news\/2025\/08\/04\/quem-quer-um-brasil-melhor-esta-na-rua-afirma-marcel-em-manifestacao-em-porto-alegre\/","title":{"rendered":"&#8216;Quem quer um Brasil melhor est\u00e1 na rua&#8217;, afirma Marcel em manifesta\u00e7\u00e3o em Porto Alegre"},"content":{"rendered":"\n<p>Marcel discursou a milhares, conclamando engajamento em 2026 e criticando abusos de autoridade no Brasil<\/p>\n\n\n\n<ul class=\"wp-block-list\">\n<li><a href=\"https:\/\/bradockshow.com.br\/author\/marcotoledo\/\"><\/a>por <a href=\"https:\/\/bradockshow.com.br\/author\/marcotoledo\/\">Marco Toledo<\/a><\/li>\n<\/ul>\n\n\n\n<p>Assessoria \/ Silvana<\/p>\n\n\n\n<p>O deputado federal Marcel van Hattem (NOVO-RS) participou neste domingo (3) de manifesta\u00e7\u00e3o em defesa da liberdade, da democracia e da verdade, realizada no Parque Moinhos de Vento (Parc\u00e3o), em Porto Alegre. Ao lado de lideran\u00e7as como os deputados federais Sanderson (PL) e Zucco (PL), o senador Luis Carlos Heinze (PP) e o deputado estadual Felipe Camozzato (NOVO), Marcel discursou para milhares de apoiadores, conclamando a sociedade a se engajar nas elei\u00e7\u00f5es de 2026 e criticando abusos de poder cometidos por autoridades brasileiras.<\/p>\n\n\n\n<p>O parlamentar iniciou sua fala com um minuto de sil\u00eancio em homenagem ao jornalista J. R. Guzzo, falecido recentemente, destacando sua trajet\u00f3ria e compromisso com a verdade: \u201cEssa \u00e9 uma homenagem ao belo trabalho n\u00e3o s\u00f3 do Guzzo, mas de toda a imprensa que diz a verdade\u201d.<\/p>\n\n\n\n<p>Durante o discurso, Marcel fez duras cr\u00edticas ao Supremo Tribunal Federal (STF) e ao presidente Lula, mencionando epis\u00f3dios de censura, persegui\u00e7\u00e3o pol\u00edtica e alian\u00e7as internacionais controversas. \u201cEssa chuva de hoje em Porto Alegre, pra quem enfrenta todos os dias o STF, n\u00e3o \u00e9 nada. E eu dizia isso n\u00e3o pensando em mim, mas em cada um de voc\u00eas que saiu de casa para estar conosco aqui na rua, emocionando o Brasil\u201d, afirmou.<\/p>\n\n\n\n<p>O deputado tamb\u00e9m mencionou a recente aplica\u00e7\u00e3o da Lei Magnitsky, dos Estados Unidos, ao ministro Alexandre de Moraes, afirmando que a medida \u00e9 um reflexo da resposta internacional aos abusos cometidos no Brasil. \u201cA maior parte da taxa\u00e7\u00e3o foi retirada pra poder sancionar quem realmente precisava provar do mesmo veneno que ele (Moraes) fez provar mais de mil, dois mil, milh\u00f5es de brasileiros. \u00c9 uma lei que faz com que ele sinta um pouquinho daquilo que os brasileiros est\u00e3o sentindo ao serem censurados, terem suas contas bloqueadas e passaportes cassados\u201d, disse.<\/p>\n\n\n\n<p>Marcel refor\u00e7ou o chamado \u00e0 mobiliza\u00e7\u00e3o popular para as elei\u00e7\u00f5es de 2026, incentivando o engajamento c\u00edvico e a filia\u00e7\u00e3o partid\u00e1ria. \u201cAno que vem, todo mundo precisa concorrer. \u00c9 a elei\u00e7\u00e3o mais importante das nossas vidas. N\u00e3o podemos correr o risco de entregar o Brasil no ano que vem. Eles v\u00e3o fazer tudo, n\u00e3o pensem que \u00e9 jogo f\u00e1cil. Olhem o que aconteceu na Venezuela. N\u00f3s n\u00e3o podemos deixar que o Brasil vire uma Venezuela, alertou.<\/p>\n\n\n\n<p>Ao final, refor\u00e7ou a alian\u00e7a entre o partido NOVO e o PL com o deputado Zucco como pr\u00e9-candidato ao governo do Rio Grande do Sul e o deputado Sanderson e Marcel ao Senado, refor\u00e7ando a necessidade de uni\u00e3o das for\u00e7as de direita no Rio Grande do Sul. \u201cEste homem aqui do meu lado vai recuperar o prest\u00edgio do Rio Grande do Sul como governador de todos os ga\u00fachos. Zucco governador!\u201d<\/p>\n\n\n\n<p>A manifesta\u00e7\u00e3o em Porto Alegre, que reuniu cidad\u00e3os de diferentes regi\u00f5es do estado, foi mais uma demonstra\u00e7\u00e3o da insatisfa\u00e7\u00e3o popular com os rumos do pa\u00eds e da disposi\u00e7\u00e3o dos parlamentares de oposi\u00e7\u00e3o em seguir mobilizados mesmo durante o recesso legislativo.<\/p>\n","protected":false},"excerpt":{"rendered":"<p>Marcel discursou a milhares, conclamando engajamento em 2026 e criticando abusos de autoridade no Brasil Assessoria \/ Silvana O deputado&hellip;<\/p>\n","protected":false},"author":1,"featured_media":7266,"comment_status":"open","ping_status":"open","sticky":false,"template":"","format":"standard","meta":{"footnotes":""},"categories":[1],"tags":[],"class_list":["post-7265","post","type-post","status-publish","format-standard","has-post-thumbnail","hentry","category-uncategorized"],"_links":{"self":[{"href":"https:\/\/suanoticiaaqui.com.br\/news\/wp-json\/wp\/v2\/posts\/7265","targetHints":{"allow":["GET"]}}],"collection":[{"href":"https:\/\/suanoticiaaqui.com.br\/news\/wp-json\/wp\/v2\/posts"}],"about":[{"href":"https:\/\/suanoticiaaqui.com.br\/news\/wp-json\/wp\/v2\/types\/post"}],"author":[{"embeddable":true,"href":"https:\/\/suanoticiaaqui.com.br\/news\/wp-json\/wp\/v2\/users\/1"}],"replies":[{"embeddable":true,"href":"https:\/\/suanoticiaaqui.com.br\/news\/wp-json\/wp\/v2\/comments?post=7265"}],"version-history":[{"count":1,"href":"https:\/\/suanoticiaaqui.com.br\/news\/wp-json\/wp\/v2\/posts\/7265\/revisions"}],"predecessor-version":[{"id":7267,"href":"https:\/\/suanoticiaaqui.com.br\/news\/wp-json\/wp\/v2\/posts\/7265\/revisions\/7267"}],"wp:featuredmedia":[{"embeddable":true,"href":"https:\/\/suanoticiaaqui.com.br\/news\/wp-json\/wp\/v2\/media\/7266"}],"wp:attachment":[{"href":"https:\/\/suanoticiaaqui.com.br\/news\/wp-json\/wp\/v2\/media?parent=7265"}],"wp:term":[{"taxonomy":"category","embeddable":true,"href":"https:\/\/suanoticiaaqui.com.br\/news\/wp-json\/wp\/v2\/categories?post=7265"},{"taxonomy":"post_tag","embeddable":true,"href":"https:\/\/suanoticiaaqui.com.br\/news\/wp-json\/wp\/v2\/tags?post=7265"}],"curies":[{"name":"wp","href":"https:\/\/api.w.org\/{rel}","templated":true}]}}