{"id":7271,"date":"2025-08-04T15:41:11","date_gmt":"2025-08-04T19:41:11","guid":{"rendered":"https:\/\/suanoticiaaqui.com.br\/news\/?p=7271"},"modified":"2025-08-04T15:41:11","modified_gmt":"2025-08-04T19:41:11","slug":"prefeitura-compra-4-mil-cobertores-e-fortalece-acoes-da-assistencia-social","status":"publish","type":"post","link":"https:\/\/suanoticiaaqui.com.br\/news\/2025\/08\/04\/prefeitura-compra-4-mil-cobertores-e-fortalece-acoes-da-assistencia-social\/","title":{"rendered":"Prefeitura compra 4 mil cobertores e fortalece a\u00e7\u00f5es da Assist\u00eancia Social"},"content":{"rendered":"\n<ul class=\"wp-block-list\">\n<li>\u00a0por Ligado na Noticia<\/li>\n<\/ul>\n\n\n\n<p>A prefeitura de Dourados, por meio da Secretaria Municipal de Assist\u00eancia Social, concluiu a primeira licita\u00e7\u00e3o para aquisi\u00e7\u00e3o de cobertores da atual gest\u00e3o. A iniciativa, que enfrentou grande burocracia at\u00e9 sua concretiza\u00e7\u00e3o, representa um investimento superior a R$ 95 mil e refor\u00e7a o compromisso da gest\u00e3o Mar\u00e7al Filho com a prote\u00e7\u00e3o social da popula\u00e7\u00e3o que mais precisa do poder p\u00fablico municipal. Essa postura, ali\u00e1s, tem sido recorrente desde os primeiros dias da atual gest\u00e3o, onde a aten\u00e7\u00e3o social tem recebido aten\u00e7\u00e3o integral.<\/p>\n\n\n\n<p>No total, foram adquiridos 4.450 cobertores, que ser\u00e3o distribu\u00eddos gratuitamente para fam\u00edlias em situa\u00e7\u00e3o de vulnerabilidade social atendidas pelos sete Centros de Refer\u00eancia de Assist\u00eancia Social (Cras) do munic\u00edpio, al\u00e9m das equipes volantes da Assist\u00eancia Social, que atuam em acampamentos, distritos e demais \u00e1reas afastadas, que tamb\u00e9m far\u00e3o a entrega dos itens diretamente nesses territ\u00f3rios.<\/p>\n\n\n\n<p>A secret\u00e1ria municipal de Assist\u00eancia Social, Shirley Zarpelon, destacou a import\u00e2ncia da a\u00e7\u00e3o. \u201cEssa entrega \u00e9 muito mais do que uma doa\u00e7\u00e3o de cobertores\u201d, enfatiza. \u201cEla representa cuidado, dignidade e acolhimento\u201d, prossegue. \u201cMesmo diante dos desafios legais e burocr\u00e1ticos, conseguimos viabilizar essa licita\u00e7\u00e3o que atende diretamente fam\u00edlias em situa\u00e7\u00e3o de risco\u201d, detalha. \u201cA gest\u00e3o do prefeito Mar\u00e7al Filho est\u00e1 alinhada com as necessidades reais da popula\u00e7\u00e3o\u201d, conclui a secret\u00e1ria.<\/p>\n\n\n\n<p>Para o prefeito Mar\u00e7al Filho, a conclus\u00e3o da licita\u00e7\u00e3o e a distribui\u00e7\u00e3o dos cobertores demonstram o comprometimento da administra\u00e7\u00e3o com a \u00e1rea social. \u201cSabemos das dificuldades que muitas fam\u00edlias enfrentam durante o inverno e \u00e9 nossa obriga\u00e7\u00e3o garantir amparo\u201d, enfatiza o prefeito. \u201cEssa entrega \u00e9 fruto de um esfor\u00e7o t\u00e9cnico e humano da nossa equipe, que trabalha com seriedade para atender quem mais precisa\u201d, ressalta. \u201cNossa prioridade sempre ser\u00e1 cuidar das pessoas\u201d, refor\u00e7a Mar\u00e7al Filho.<\/p>\n\n\n\n<p>A a\u00e7\u00e3o faz parte das estrat\u00e9gias da campanha de enfrentamento ao frio em Dourados e reafirma o papel da Assist\u00eancia Social como ponte entre o poder p\u00fablico e a popula\u00e7\u00e3o. Somente neste primeiro semestre, a Prefeitura j\u00e1 distribuiu mais de 9 mil pe\u00e7as de roupas e cal\u00e7ados gratuitamente para fam\u00edlias em situa\u00e7\u00e3o de vulnerabilidade social, por meio dos brech\u00f3s solid\u00e1rios, atrav\u00e9s da Campanha \u201cCuidando com Amor, Aquecendo Vidas\u201d, que visa atender \u00e0 popula\u00e7\u00e3o mais vulner\u00e1vel durante o per\u00edodo de frio intenso na regi\u00e3o.<\/p>\n\n\n\n<p>Os brech\u00f3s solid\u00e1rios j\u00e1 foram promovidos em diferentes pontos da cidade, como os Cras dos bairros J\u00f3quei Clube, Cana\u00e3 I, Vila Esperan\u00e7a, e tamb\u00e9m no distrito de Vila Vargas. A pr\u00f3xima edi\u00e7\u00e3o est\u00e1 marcada para o dia 28 de agosto, no Cras do Parque do Lago. Al\u00e9m disso, por determina\u00e7\u00e3o do prefeito Mar\u00e7al Filho, a Secretaria de Assist\u00eancia Social, em parceria com a Guarda Municipal, j\u00e1 realizou a distribui\u00e7\u00e3o de mais de 600 cobertores a pessoas em situa\u00e7\u00e3o de rua, por meio do projeto Noites Frias, a\u00e7\u00e3o desenvolvida atrav\u00e9s de doa\u00e7\u00f5es do Rotary Clube, Ma\u00e7onaria e empres\u00e1rios locais.<\/p>\n","protected":false},"excerpt":{"rendered":"<p>A prefeitura de Dourados, por meio da Secretaria Municipal de Assist\u00eancia Social, concluiu a primeira licita\u00e7\u00e3o para aquisi\u00e7\u00e3o de cobertores&hellip;<\/p>\n","protected":false},"author":1,"featured_media":7272,"comment_status":"open","ping_status":"open","sticky":false,"template":"","format":"standard","meta":{"footnotes":""},"categories":[1],"tags":[],"class_list":["post-7271","post","type-post","status-publish","format-standard","has-post-thumbnail","hentry","category-uncategorized"],"_links":{"self":[{"href":"https:\/\/suanoticiaaqui.com.br\/news\/wp-json\/wp\/v2\/posts\/7271","targetHints":{"allow":["GET"]}}],"collection":[{"href":"https:\/\/suanoticiaaqui.com.br\/news\/wp-json\/wp\/v2\/posts"}],"about":[{"href":"https:\/\/suanoticiaaqui.com.br\/news\/wp-json\/wp\/v2\/types\/post"}],"author":[{"embeddable":true,"href":"https:\/\/suanoticiaaqui.com.br\/news\/wp-json\/wp\/v2\/users\/1"}],"replies":[{"embeddable":true,"href":"https:\/\/suanoticiaaqui.com.br\/news\/wp-json\/wp\/v2\/comments?post=7271"}],"version-history":[{"count":1,"href":"https:\/\/suanoticiaaqui.com.br\/news\/wp-json\/wp\/v2\/posts\/7271\/revisions"}],"predecessor-version":[{"id":7273,"href":"https:\/\/suanoticiaaqui.com.br\/news\/wp-json\/wp\/v2\/posts\/7271\/revisions\/7273"}],"wp:featuredmedia":[{"embeddable":true,"href":"https:\/\/suanoticiaaqui.com.br\/news\/wp-json\/wp\/v2\/media\/7272"}],"wp:attachment":[{"href":"https:\/\/suanoticiaaqui.com.br\/news\/wp-json\/wp\/v2\/media?parent=7271"}],"wp:term":[{"taxonomy":"category","embeddable":true,"href":"https:\/\/suanoticiaaqui.com.br\/news\/wp-json\/wp\/v2\/categories?post=7271"},{"taxonomy":"post_tag","embeddable":true,"href":"https:\/\/suanoticiaaqui.com.br\/news\/wp-json\/wp\/v2\/tags?post=7271"}],"curies":[{"name":"wp","href":"https:\/\/api.w.org\/{rel}","templated":true}]}}