{"id":7274,"date":"2025-08-04T15:45:37","date_gmt":"2025-08-04T19:45:37","guid":{"rendered":"https:\/\/suanoticiaaqui.com.br\/news\/?p=7274"},"modified":"2025-08-04T15:45:37","modified_gmt":"2025-08-04T19:45:37","slug":"manifestacoes-pelo-fora-lula-e-moraes-avancam-pelo-pais","status":"publish","type":"post","link":"https:\/\/suanoticiaaqui.com.br\/news\/2025\/08\/04\/manifestacoes-pelo-fora-lula-e-moraes-avancam-pelo-pais\/","title":{"rendered":"Manifesta\u00e7\u00f5es pelo Fora Lula e Moraes avan\u00e7am pelo pa\u00eds"},"content":{"rendered":"\n<p>Ato conservador mobiliza multid\u00f5es em defesa da liberdade e contra o autoritarismo do STF<\/p>\n\n\n\n<ul class=\"wp-block-list\">\n<li><a href=\"https:\/\/bradockshow.com.br\/author\/marcotoledo\/\"><\/a>por <a href=\"https:\/\/bradockshow.com.br\/author\/marcotoledo\/\">Marco Toledo<\/a><\/li>\n<\/ul>\n\n\n\n<p>Neste domingo (3), brasileiros tomaram as ruas em ao menos 37 cidades em apoio \u00e0s pautas conservadoras, pedindo o impeachment de Alexandre de Moraes e a sa\u00edda de Lula.<\/p>\n\n\n\n<p>A principal bandeira foi o clamor por liberdade e a anistia aos presos pol\u00edticos do 8 de janeiro.<\/p>\n\n\n\n<p>As maiores concentra\u00e7\u00f5es ocorreram em S\u00e3o Paulo, com milhares na Avenida Paulista; em Belo Horizonte, sob lideran\u00e7a de Nikolas Ferreira na Pra\u00e7a da Liberdade; em Bras\u00edlia, com atos simb\u00f3licos na Esplanada; e em Goi\u00e2nia, onde o movimento \u201cReaja Brasil\u201d levou centenas \u00e0 Pra\u00e7a C\u00edvica.<\/p>\n\n\n\n<p>Tamb\u00e9m houve mobiliza\u00e7\u00f5es em Curitiba, Manaus, Joinville, Florian\u00f3polis, Recife, Campo Grande, Dourados, Blumenau, Itaja\u00ed e Chapec\u00f3.<\/p>\n\n\n\n<p>Organizado por parlamentares do PL e apoiadores de Bolsonaro, o ato refor\u00e7ou o rep\u00fadio popular ao autoritarismo judicial e ao desgoverno instalado no Planalto.<\/p>\n","protected":false},"excerpt":{"rendered":"<p>Ato conservador mobiliza multid\u00f5es em defesa da liberdade e contra o autoritarismo do STF Neste domingo (3), brasileiros tomaram as&hellip;<\/p>\n","protected":false},"author":1,"featured_media":7275,"comment_status":"open","ping_status":"open","sticky":false,"template":"","format":"standard","meta":{"footnotes":""},"categories":[1],"tags":[],"class_list":["post-7274","post","type-post","status-publish","format-standard","has-post-thumbnail","hentry","category-uncategorized"],"_links":{"self":[{"href":"https:\/\/suanoticiaaqui.com.br\/news\/wp-json\/wp\/v2\/posts\/7274","targetHints":{"allow":["GET"]}}],"collection":[{"href":"https:\/\/suanoticiaaqui.com.br\/news\/wp-json\/wp\/v2\/posts"}],"about":[{"href":"https:\/\/suanoticiaaqui.com.br\/news\/wp-json\/wp\/v2\/types\/post"}],"author":[{"embeddable":true,"href":"https:\/\/suanoticiaaqui.com.br\/news\/wp-json\/wp\/v2\/users\/1"}],"replies":[{"embeddable":true,"href":"https:\/\/suanoticiaaqui.com.br\/news\/wp-json\/wp\/v2\/comments?post=7274"}],"version-history":[{"count":1,"href":"https:\/\/suanoticiaaqui.com.br\/news\/wp-json\/wp\/v2\/posts\/7274\/revisions"}],"predecessor-version":[{"id":7276,"href":"https:\/\/suanoticiaaqui.com.br\/news\/wp-json\/wp\/v2\/posts\/7274\/revisions\/7276"}],"wp:featuredmedia":[{"embeddable":true,"href":"https:\/\/suanoticiaaqui.com.br\/news\/wp-json\/wp\/v2\/media\/7275"}],"wp:attachment":[{"href":"https:\/\/suanoticiaaqui.com.br\/news\/wp-json\/wp\/v2\/media?parent=7274"}],"wp:term":[{"taxonomy":"category","embeddable":true,"href":"https:\/\/suanoticiaaqui.com.br\/news\/wp-json\/wp\/v2\/categories?post=7274"},{"taxonomy":"post_tag","embeddable":true,"href":"https:\/\/suanoticiaaqui.com.br\/news\/wp-json\/wp\/v2\/tags?post=7274"}],"curies":[{"name":"wp","href":"https:\/\/api.w.org\/{rel}","templated":true}]}}