{"id":7277,"date":"2025-08-04T15:46:31","date_gmt":"2025-08-04T19:46:31","guid":{"rendered":"https:\/\/suanoticiaaqui.com.br\/news\/?p=7277"},"modified":"2025-08-04T15:46:31","modified_gmt":"2025-08-04T19:46:31","slug":"brasil-envia-generais-a-china-e-preocupa-os-eua","status":"publish","type":"post","link":"https:\/\/suanoticiaaqui.com.br\/news\/2025\/08\/04\/brasil-envia-generais-a-china-e-preocupa-os-eua\/","title":{"rendered":"Brasil envia generais \u00e0 China e preocupa os EUA"},"content":{"rendered":"\n<p>Movimento in\u00e9dito \u00e9 visto como alinhamento ao regime de Xi Jinping e pode gerar retalia\u00e7\u00f5es americanas<\/p>\n\n\n\n<ul class=\"wp-block-list\">\n<li><a href=\"https:\/\/bradockshow.com.br\/author\/marcotoledo\/\"><\/a>por <a href=\"https:\/\/bradockshow.com.br\/author\/marcotoledo\/\">Marco Toledo<\/a><\/li>\n<\/ul>\n\n\n\n<p>A nomea\u00e7\u00e3o de oficiais-generais do Ex\u00e9rcito e da Marinha como representantes permanentes em Pequim marca uma guinada estrat\u00e9gica do Brasil.<\/p>\n\n\n\n<p>Pela primeira vez, militares de alta patente ter\u00e3o resid\u00eancia oficial na China, conforme o Decreto n\u00ba 12.480 de 2 de junho de 2025. A decis\u00e3o acende alerta nos EUA, em meio \u00e0 crescente tens\u00e3o entre Washington e Pequim.<\/p>\n\n\n\n<p>O gesto, considerado simb\u00f3lico, \u00e9 interpretado por diplomatas como aproxima\u00e7\u00e3o in\u00e9dita com o regime comunista chin\u00eas, o que pode desencadear retalia\u00e7\u00f5es comerciais ou diplom\u00e1ticas.<\/p>\n\n\n\n<p>Analistas veem a a\u00e7\u00e3o como reposicionamento do Brasil no tabuleiro geopol\u00edtico da nova guerra fria, sob a influ\u00eancia direta do governo Lula.<\/p>\n\n\n\n<p>Al\u00e9m do envio dos oficiais, cresce a participa\u00e7\u00e3o de empresas chinesas no agroneg\u00f3cio nacional, refor\u00e7ando o elo com a China.<\/p>\n\n\n\n<p>O movimento sinaliza um afastamento do hist\u00f3rico alinhamento militar brasileiro com os EUA, e preocupa aliados tradicionais, como o Reino Unido.<\/p>\n","protected":false},"excerpt":{"rendered":"<p>Movimento in\u00e9dito \u00e9 visto como alinhamento ao regime de Xi Jinping e pode gerar retalia\u00e7\u00f5es americanas A nomea\u00e7\u00e3o de oficiais-generais&hellip;<\/p>\n","protected":false},"author":1,"featured_media":7278,"comment_status":"open","ping_status":"open","sticky":false,"template":"","format":"standard","meta":{"footnotes":""},"categories":[1],"tags":[],"class_list":["post-7277","post","type-post","status-publish","format-standard","has-post-thumbnail","hentry","category-uncategorized"],"_links":{"self":[{"href":"https:\/\/suanoticiaaqui.com.br\/news\/wp-json\/wp\/v2\/posts\/7277","targetHints":{"allow":["GET"]}}],"collection":[{"href":"https:\/\/suanoticiaaqui.com.br\/news\/wp-json\/wp\/v2\/posts"}],"about":[{"href":"https:\/\/suanoticiaaqui.com.br\/news\/wp-json\/wp\/v2\/types\/post"}],"author":[{"embeddable":true,"href":"https:\/\/suanoticiaaqui.com.br\/news\/wp-json\/wp\/v2\/users\/1"}],"replies":[{"embeddable":true,"href":"https:\/\/suanoticiaaqui.com.br\/news\/wp-json\/wp\/v2\/comments?post=7277"}],"version-history":[{"count":1,"href":"https:\/\/suanoticiaaqui.com.br\/news\/wp-json\/wp\/v2\/posts\/7277\/revisions"}],"predecessor-version":[{"id":7279,"href":"https:\/\/suanoticiaaqui.com.br\/news\/wp-json\/wp\/v2\/posts\/7277\/revisions\/7279"}],"wp:featuredmedia":[{"embeddable":true,"href":"https:\/\/suanoticiaaqui.com.br\/news\/wp-json\/wp\/v2\/media\/7278"}],"wp:attachment":[{"href":"https:\/\/suanoticiaaqui.com.br\/news\/wp-json\/wp\/v2\/media?parent=7277"}],"wp:term":[{"taxonomy":"category","embeddable":true,"href":"https:\/\/suanoticiaaqui.com.br\/news\/wp-json\/wp\/v2\/categories?post=7277"},{"taxonomy":"post_tag","embeddable":true,"href":"https:\/\/suanoticiaaqui.com.br\/news\/wp-json\/wp\/v2\/tags?post=7277"}],"curies":[{"name":"wp","href":"https:\/\/api.w.org\/{rel}","templated":true}]}}