{"id":7280,"date":"2025-08-04T15:47:28","date_gmt":"2025-08-04T19:47:28","guid":{"rendered":"https:\/\/suanoticiaaqui.com.br\/news\/?p=7280"},"modified":"2025-08-04T15:47:28","modified_gmt":"2025-08-04T19:47:28","slug":"primeiro-samu-indigena-vai-otimizar-atendimento-de-urgencia-e-emergencia","status":"publish","type":"post","link":"https:\/\/suanoticiaaqui.com.br\/news\/2025\/08\/04\/primeiro-samu-indigena-vai-otimizar-atendimento-de-urgencia-e-emergencia\/","title":{"rendered":"Primeiro Samu Ind\u00edgena vai otimizar atendimento de urg\u00eancia e emerg\u00eancia"},"content":{"rendered":"\n<ul class=\"wp-block-list\">\n<li>\u00a0por Ligado na Noticia<\/li>\n<\/ul>\n\n\n\n<p>O Servi\u00e7o M\u00f3vel de Urg\u00eancia Ind\u00edgena (Samu) vai otimizar o atendimento de emerg\u00eancia na Reserva Ind\u00edgena de Dourados, que \u00e9 habitada por cerca de 18 mil moradores das etnias guarani, boror\u00f3 e terena. Trata-se de uma inova\u00e7\u00e3o em Sa\u00fade, que ser\u00e1 lan\u00e7ado pela Prefeitura de Dourados juntamente ao Governo Federal, neste s\u00e1bado (9), \u00e0s 14h, na base do servi\u00e7o, instalada em \u00e1rea anexa ao Hospital Ind\u00edgena Porta da Esperan\u00e7a, na Aldeia Jaguapiru, administrado pela Miss\u00e3o Evang\u00e9lica Caiu\u00e1.<\/p>\n\n\n\n<p>O primeiro Samu Ind\u00edgena \u00e9 um projeto piloto Governo Federal, por meio da Secretaria de Aten\u00e7\u00e3o Especializada \u00e0 Sa\u00fade e pela Secretaria de Sa\u00fade Ind\u00edgena, ambas do Minist\u00e9rio da Sa\u00fade, com acompanhamento do Distrito Sanit\u00e1rio Especial Ind\u00edgena (DSEI) de Mato Grosso do Sul. O ministro da Sa\u00fade confirmou que estar\u00e1 em Dourados neste s\u00e1bado para conduzir o projeto piloto que ser\u00e1 refer\u00eancia para todo o Brasil.<\/p>\n\n\n\n<p>O secret\u00e1rio municipal de Sa\u00fade, M\u00e1rcio Grei Figueiredo, destaca que a inova\u00e7\u00e3o vai proporcionar um atendimento mais \u00e1gil \u00e0 comunidade e ocorrer\u00e1 de forma conjunta ao que j\u00e1 \u00e9 praticado pelo Samu tradicional. Ele ressalta ainda sobre a composi\u00e7\u00e3o das equipes, com profissionais preparados e sens\u00edveis \u00e0 realidade cultural local.<\/p>\n\n\n\n<p>M\u00e1rcio Figueiredo aponta as vantagens do Samu Ind\u00edgena. \u201c\u00c9 um servi\u00e7o inovador, que vai agregar em qualidade de servi\u00e7o prestado para \u00e0 comunidade ind\u00edgena e vai diminuir o tempo resposta das nossas equipes quando tem alguma situa\u00e7\u00e3o naquela localidade\u201d, explica. \u201cVale destacar que n\u00e3o vai ser a \u00fanica viatura que vai adentrar a reserva, porque em algumas situa\u00e7\u00f5es a gente vai ter que compor com a equipe alfa\u201d, cita ao lembrar ainda que a equipe atuar\u00e1 em regime de plant\u00e3o, com 14 profissionais, sendo t\u00e9cnicos de enfermagem, enfermeiros e motorista, em contato direto com o m\u00e9dico regulador, sendo que ter\u00e3o ind\u00edgenas na equipe, o que proporciona familiaridade com as rotas e afinidade com particularidades das aldeias.<\/p>\n\n\n\n<p>A ambul\u00e2ncia totalmente equipada para o servi\u00e7o foi doada pelo Minist\u00e9rio da Sa\u00fade. A Sems ir\u00e1 aportar um recurso por meio de um aditivo, no sentido de custear as a\u00e7\u00f5es e a estimativa \u00e9 destinar cerca de R$ 20 mil apoio aos servi\u00e7os. Parte da equipe que comp\u00f5e o Samu \u00e9 formada por ind\u00edgenas, que atuar\u00e3o tamb\u00e9m como tradutor nos casos em que o paciente tiver dificuldade para falar em portugu\u00eas.<\/p>\n\n\n\n<p>Para o prefeito Mar\u00e7al Filho, a a\u00e7\u00e3o representa um avan\u00e7o significativo na pol\u00edtica de aten\u00e7\u00e3o \u00e0 sa\u00fade ind\u00edgena, reafirmando o compromisso do munic\u00edpio, bem como dos governos estadual e federal, com um atendimento mais inclusivo e humanizado. \u201cNossa popula\u00e7\u00e3o ind\u00edgena contar\u00e1 com um diferencial, que pode inclusive, salvar vidas, isso vem para colocar Dourados como refer\u00eancia neste tipo de a\u00e7\u00e3o e conceder um atendimento al\u00e9m de mais r\u00e1pido, respeitoso com as especificidades culturais locais\u201d, disse.<\/p>\n\n\n\n<p>O novo servi\u00e7o ser\u00e1 integrado \u00e0 Central de Regula\u00e7\u00e3o do Samu convencional e atender\u00e1 por meio do telefone 192. O atendimento seguir\u00e1 os mesmos protocolos do Samu convencional. Ap\u00f3s a avalia\u00e7\u00e3o inicial (anamnese), a equipe definir\u00e1 o destino mais adequado para o paciente, que poder\u00e1 ser o Hospital da Miss\u00e3o, a UPA ou hospitais da cidade, conforme a gravidade do caso.<\/p>\n\n\n\n<p>Ainda de acordo com o secret\u00e1rio, o servi\u00e7o passa a funcionar, assim que lan\u00e7ado e a expectativa \u00e9 que seja modelo para as outras regi\u00f5es do pa\u00eds.<\/p>\n","protected":false},"excerpt":{"rendered":"<p>O Servi\u00e7o M\u00f3vel de Urg\u00eancia Ind\u00edgena (Samu) vai otimizar o atendimento de emerg\u00eancia na Reserva Ind\u00edgena de Dourados, que \u00e9&hellip;<\/p>\n","protected":false},"author":1,"featured_media":7281,"comment_status":"open","ping_status":"open","sticky":false,"template":"","format":"standard","meta":{"footnotes":""},"categories":[1],"tags":[],"class_list":["post-7280","post","type-post","status-publish","format-standard","has-post-thumbnail","hentry","category-uncategorized"],"_links":{"self":[{"href":"https:\/\/suanoticiaaqui.com.br\/news\/wp-json\/wp\/v2\/posts\/7280","targetHints":{"allow":["GET"]}}],"collection":[{"href":"https:\/\/suanoticiaaqui.com.br\/news\/wp-json\/wp\/v2\/posts"}],"about":[{"href":"https:\/\/suanoticiaaqui.com.br\/news\/wp-json\/wp\/v2\/types\/post"}],"author":[{"embeddable":true,"href":"https:\/\/suanoticiaaqui.com.br\/news\/wp-json\/wp\/v2\/users\/1"}],"replies":[{"embeddable":true,"href":"https:\/\/suanoticiaaqui.com.br\/news\/wp-json\/wp\/v2\/comments?post=7280"}],"version-history":[{"count":1,"href":"https:\/\/suanoticiaaqui.com.br\/news\/wp-json\/wp\/v2\/posts\/7280\/revisions"}],"predecessor-version":[{"id":7282,"href":"https:\/\/suanoticiaaqui.com.br\/news\/wp-json\/wp\/v2\/posts\/7280\/revisions\/7282"}],"wp:featuredmedia":[{"embeddable":true,"href":"https:\/\/suanoticiaaqui.com.br\/news\/wp-json\/wp\/v2\/media\/7281"}],"wp:attachment":[{"href":"https:\/\/suanoticiaaqui.com.br\/news\/wp-json\/wp\/v2\/media?parent=7280"}],"wp:term":[{"taxonomy":"category","embeddable":true,"href":"https:\/\/suanoticiaaqui.com.br\/news\/wp-json\/wp\/v2\/categories?post=7280"},{"taxonomy":"post_tag","embeddable":true,"href":"https:\/\/suanoticiaaqui.com.br\/news\/wp-json\/wp\/v2\/tags?post=7280"}],"curies":[{"name":"wp","href":"https:\/\/api.w.org\/{rel}","templated":true}]}}