{"id":7289,"date":"2025-08-04T15:51:30","date_gmt":"2025-08-04T19:51:30","guid":{"rendered":"https:\/\/suanoticiaaqui.com.br\/news\/?p=7289"},"modified":"2025-08-04T15:51:30","modified_gmt":"2025-08-04T19:51:30","slug":"menores-envolvidos-em-latrocinio-sao-apreendidos-e-policia-procura-por-3o-acusado","status":"publish","type":"post","link":"https:\/\/suanoticiaaqui.com.br\/news\/2025\/08\/04\/menores-envolvidos-em-latrocinio-sao-apreendidos-e-policia-procura-por-3o-acusado\/","title":{"rendered":"Menores envolvidos em latroc\u00ednio s\u00e3o apreendidos e pol\u00edcia procura por 3\u00ba acusado"},"content":{"rendered":"\n<ul class=\"wp-block-list\">\n<li>por Luiz Guilherme<\/li>\n<\/ul>\n\n\n\n<p>A PC (Pol\u00edcia Civil) de Corumb\u00e1 cumpriu na manh\u00e3 desta segunda-feira (4\/8), a apreens\u00e3o de dois adolescentes, de 17 anos, envolvidos no latroc\u00ednio (roubo seguido de morte) que vitimou um homem de 34, no dia 25 de julho.<\/p>\n\n\n\n<p>Segundo apurado, ele foi encontrado morto com sete facadas na estrada vicinal da Bocaina, na zona sul de Corumb\u00e1. O crime, inicialmente tratado como homic\u00eddio, foi reclassificado ap\u00f3s a pol\u00edcia constatar que a v\u00edtima teve subtra\u00eddos um celular e um piercing de ouro.<\/p>\n\n\n\n<p>As investiga\u00e7\u00f5es, conduzidas pelo SIG (Setor de Investiga\u00e7\u00f5es Gerais) revelaram que a v\u00edtima foi abordada por Gabriel Batista Mendes dos Santos, de 27 anos, e os dois menores em uma conveni\u00eancia no Centro Am\u00e9rica. Testemunhas afirmaram que o homem, conhecido por evitar contato com desconhecidos, entrou no ve\u00edculo Ford Escort cinza de Gabriel, acreditando que receberia uma carona.<\/p>\n\n\n\n<p>Segundo depoimentos, o trio planejava inicialmente roubar uma moto, mas, diante da falta de oportunidades, voltou-se contra a v\u00edtima. Ap\u00f3s lev\u00e1-lo para a estrada da Bocaina, Gabriel desferiu as facadas contra a v\u00edtima, que tentou se defender, ferindo o rosto do autor.<\/p>\n\n\n\n<p>Os adolescentes foram apreendidos ap\u00f3s prestarem depoimentos que confirmaram participa\u00e7\u00e3o no crime.<\/p>\n\n\n\n<p><strong>Repercuss\u00e3o<\/strong><\/p>\n\n\n\n<p>O caso chocou a comunidade local, especialmente pela brutalidade do crime. A v\u00edtima que trabalhava na Rede Municipal de Ensino, era descrito por familiares como uma pessoa reservada e pac\u00edfica.<\/p>\n\n\n\n<p><strong>Gabriel segue foragido<\/strong><\/p>\n\n\n\n<p>A Pol\u00edcia Civil intensificou as buscas por Gabriel Batista Mendes dos Santos, que foi visto pela \u00faltima vez no Bairro Universit\u00e1rio, em Corumb\u00e1. O ve\u00edculo utilizado no crime, um Ford Escort cinza, foi periciado e apresentava manchas de sangue.<\/p>\n\n\n\n<p>As autoridades pedem que qualquer informa\u00e7\u00e3o sobre o paradeiro do indiv\u00edduo seja repassada imediatamente \u00e0 1\u00aa Delegacia de Corumb\u00e1, pelos telefones: (67) 3234-7100 \/ 7111 ou diretamente ao Setor de Investiga\u00e7\u00f5es Gerais.<\/p>\n","protected":false},"excerpt":{"rendered":"<p>A PC (Pol\u00edcia Civil) de Corumb\u00e1 cumpriu na manh\u00e3 desta segunda-feira (4\/8), a apreens\u00e3o de dois adolescentes, de 17 anos,&hellip;<\/p>\n","protected":false},"author":1,"featured_media":7290,"comment_status":"open","ping_status":"open","sticky":false,"template":"","format":"standard","meta":{"footnotes":""},"categories":[1],"tags":[],"class_list":["post-7289","post","type-post","status-publish","format-standard","has-post-thumbnail","hentry","category-uncategorized"],"_links":{"self":[{"href":"https:\/\/suanoticiaaqui.com.br\/news\/wp-json\/wp\/v2\/posts\/7289","targetHints":{"allow":["GET"]}}],"collection":[{"href":"https:\/\/suanoticiaaqui.com.br\/news\/wp-json\/wp\/v2\/posts"}],"about":[{"href":"https:\/\/suanoticiaaqui.com.br\/news\/wp-json\/wp\/v2\/types\/post"}],"author":[{"embeddable":true,"href":"https:\/\/suanoticiaaqui.com.br\/news\/wp-json\/wp\/v2\/users\/1"}],"replies":[{"embeddable":true,"href":"https:\/\/suanoticiaaqui.com.br\/news\/wp-json\/wp\/v2\/comments?post=7289"}],"version-history":[{"count":1,"href":"https:\/\/suanoticiaaqui.com.br\/news\/wp-json\/wp\/v2\/posts\/7289\/revisions"}],"predecessor-version":[{"id":7291,"href":"https:\/\/suanoticiaaqui.com.br\/news\/wp-json\/wp\/v2\/posts\/7289\/revisions\/7291"}],"wp:featuredmedia":[{"embeddable":true,"href":"https:\/\/suanoticiaaqui.com.br\/news\/wp-json\/wp\/v2\/media\/7290"}],"wp:attachment":[{"href":"https:\/\/suanoticiaaqui.com.br\/news\/wp-json\/wp\/v2\/media?parent=7289"}],"wp:term":[{"taxonomy":"category","embeddable":true,"href":"https:\/\/suanoticiaaqui.com.br\/news\/wp-json\/wp\/v2\/categories?post=7289"},{"taxonomy":"post_tag","embeddable":true,"href":"https:\/\/suanoticiaaqui.com.br\/news\/wp-json\/wp\/v2\/tags?post=7289"}],"curies":[{"name":"wp","href":"https:\/\/api.w.org\/{rel}","templated":true}]}}