{"id":7292,"date":"2025-08-04T15:52:30","date_gmt":"2025-08-04T19:52:30","guid":{"rendered":"https:\/\/suanoticiaaqui.com.br\/news\/?p=7292"},"modified":"2025-08-04T15:52:30","modified_gmt":"2025-08-04T19:52:30","slug":"chanceler-critica-brasileiros-no-exterior-e-minimiza-crise-com-os-eua","status":"publish","type":"post","link":"https:\/\/suanoticiaaqui.com.br\/news\/2025\/08\/04\/chanceler-critica-brasileiros-no-exterior-e-minimiza-crise-com-os-eua\/","title":{"rendered":"Chanceler critica brasileiros no exterior e minimiza crise com os EUA"},"content":{"rendered":"\n<p>Mauro Vieira evita citar nomes, mas ataca articula\u00e7\u00f5es contra o governo e defende soberania como \u201cinegoci\u00e1vel\u201d<\/p>\n\n\n\n<ul class=\"wp-block-list\">\n<li><a href=\"https:\/\/bradockshow.com.br\/author\/marcotoledo\/\"><\/a>por <a href=\"https:\/\/bradockshow.com.br\/author\/marcotoledo\/\">Marco Toledo<\/a><\/li>\n<\/ul>\n\n\n\n<p>Durante cerim\u00f4nia no Itamaraty pelos 80 anos do Instituto Rio Branco, o chanceler Mauro Vieira afirmou que o Brasil enfrenta \u201cataques orquestrados por brasileiros, em conluio com for\u00e7as estrangeiras\u201d.<\/p>\n\n\n\n<p>Sem mencionar nomes, o discurso foi interpretado como um recado direto a Eduardo Bolsonaro, que est\u00e1 nos Estados Unidos articulando san\u00e7\u00f5es contra autoridades brasileiras, e ao presidente Donald Trump, que imp\u00f4s tarifas de 50% sobre produtos brasileiros.<\/p>\n\n\n\n<p>Vieira classificou tais a\u00e7\u00f5es como tentativas fracassadas de \u201csubverter a ordem democr\u00e1tica\u201d e exaltou a condu\u00e7\u00e3o dos processos judiciais no pa\u00eds como \u201ctransparentes e com amplo direito \u00e0 defesa\u201d. O ministro reafirmou que a soberania brasileira \u201cn\u00e3o \u00e9 moeda de troca diante de exig\u00eancias inaceit\u00e1veis\u201d.<\/p>\n\n\n\n<p>A fala ocorre em meio \u00e0 escalada diplom\u00e1tica, marcada por retalia\u00e7\u00f5es americanas e cr\u00edticas internas \u00e0 condu\u00e7\u00e3o da pol\u00edtica externa do governo.<\/p>\n","protected":false},"excerpt":{"rendered":"<p>Mauro Vieira evita citar nomes, mas ataca articula\u00e7\u00f5es contra o governo e defende soberania como \u201cinegoci\u00e1vel\u201d Durante cerim\u00f4nia no Itamaraty&hellip;<\/p>\n","protected":false},"author":1,"featured_media":7293,"comment_status":"open","ping_status":"open","sticky":false,"template":"","format":"standard","meta":{"footnotes":""},"categories":[1],"tags":[],"class_list":["post-7292","post","type-post","status-publish","format-standard","has-post-thumbnail","hentry","category-uncategorized"],"_links":{"self":[{"href":"https:\/\/suanoticiaaqui.com.br\/news\/wp-json\/wp\/v2\/posts\/7292","targetHints":{"allow":["GET"]}}],"collection":[{"href":"https:\/\/suanoticiaaqui.com.br\/news\/wp-json\/wp\/v2\/posts"}],"about":[{"href":"https:\/\/suanoticiaaqui.com.br\/news\/wp-json\/wp\/v2\/types\/post"}],"author":[{"embeddable":true,"href":"https:\/\/suanoticiaaqui.com.br\/news\/wp-json\/wp\/v2\/users\/1"}],"replies":[{"embeddable":true,"href":"https:\/\/suanoticiaaqui.com.br\/news\/wp-json\/wp\/v2\/comments?post=7292"}],"version-history":[{"count":1,"href":"https:\/\/suanoticiaaqui.com.br\/news\/wp-json\/wp\/v2\/posts\/7292\/revisions"}],"predecessor-version":[{"id":7294,"href":"https:\/\/suanoticiaaqui.com.br\/news\/wp-json\/wp\/v2\/posts\/7292\/revisions\/7294"}],"wp:featuredmedia":[{"embeddable":true,"href":"https:\/\/suanoticiaaqui.com.br\/news\/wp-json\/wp\/v2\/media\/7293"}],"wp:attachment":[{"href":"https:\/\/suanoticiaaqui.com.br\/news\/wp-json\/wp\/v2\/media?parent=7292"}],"wp:term":[{"taxonomy":"category","embeddable":true,"href":"https:\/\/suanoticiaaqui.com.br\/news\/wp-json\/wp\/v2\/categories?post=7292"},{"taxonomy":"post_tag","embeddable":true,"href":"https:\/\/suanoticiaaqui.com.br\/news\/wp-json\/wp\/v2\/tags?post=7292"}],"curies":[{"name":"wp","href":"https:\/\/api.w.org\/{rel}","templated":true}]}}