{"id":7295,"date":"2025-08-04T15:53:19","date_gmt":"2025-08-04T19:53:19","guid":{"rendered":"https:\/\/suanoticiaaqui.com.br\/news\/?p=7295"},"modified":"2025-08-04T15:53:19","modified_gmt":"2025-08-04T19:53:19","slug":"stf-impoe-tornozeleira-eletronica-a-marcos-do-val","status":"publish","type":"post","link":"https:\/\/suanoticiaaqui.com.br\/news\/2025\/08\/04\/stf-impoe-tornozeleira-eletronica-a-marcos-do-val\/","title":{"rendered":"STF imp\u00f5e tornozeleira eletr\u00f4nica a Marcos do Val"},"content":{"rendered":"\n<p>Senador enfrenta novas restri\u00e7\u00f5es ap\u00f3s viagem sem autoriza\u00e7\u00e3o aos Estados Unidos<\/p>\n\n\n\n<ul class=\"wp-block-list\">\n<li><a href=\"https:\/\/bradockshow.com.br\/author\/marcotoledo\/\"><\/a>por <a href=\"https:\/\/bradockshow.com.br\/author\/marcotoledo\/\">Marco Toledo<\/a><\/li>\n<\/ul>\n\n\n\n<p>O senador Marcos do Val (Podemos-ES) ser\u00e1 monitorado por tornozeleira eletr\u00f4nica a partir desta segunda-feira (4), por decis\u00e3o do ministro Alexandre de Moraes, do Supremo Tribunal Federal (STF).<\/p>\n\n\n\n<p>A medida foi determinada ap\u00f3s o parlamentar retornar de uma viagem aos Estados Unidos sem autoriza\u00e7\u00e3o da Corte.<\/p>\n\n\n\n<p>Al\u00e9m do monitoramento, Moraes imp\u00f4s novas restri\u00e7\u00f5es, como proibi\u00e7\u00e3o de comunica\u00e7\u00e3o, bloqueio de recursos p\u00fablicos e limita\u00e7\u00f5es financeiras.<\/p>\n\n\n\n<p>Segundo o ministro, o senador demonstrou &#8220;completo desprezo pelas decis\u00f5es da Corte&#8221;.<\/p>\n\n\n\n<p>Marcos do Val \u00e9 investigado por suposta tentativa de articular um plano para anular as elei\u00e7\u00f5es de 2022 e por ataques \u00e0 Pol\u00edcia Federal. A decis\u00e3o integra uma s\u00e9rie de medidas cautelares contra parlamentares investigados por a\u00e7\u00f5es relacionadas \u00e0 contesta\u00e7\u00e3o do pleito presidencial.<\/p>\n","protected":false},"excerpt":{"rendered":"<p>Senador enfrenta novas restri\u00e7\u00f5es ap\u00f3s viagem sem autoriza\u00e7\u00e3o aos Estados Unidos O senador Marcos do Val (Podemos-ES) ser\u00e1 monitorado por&hellip;<\/p>\n","protected":false},"author":1,"featured_media":7296,"comment_status":"open","ping_status":"open","sticky":false,"template":"","format":"standard","meta":{"footnotes":""},"categories":[1],"tags":[],"class_list":["post-7295","post","type-post","status-publish","format-standard","has-post-thumbnail","hentry","category-uncategorized"],"_links":{"self":[{"href":"https:\/\/suanoticiaaqui.com.br\/news\/wp-json\/wp\/v2\/posts\/7295","targetHints":{"allow":["GET"]}}],"collection":[{"href":"https:\/\/suanoticiaaqui.com.br\/news\/wp-json\/wp\/v2\/posts"}],"about":[{"href":"https:\/\/suanoticiaaqui.com.br\/news\/wp-json\/wp\/v2\/types\/post"}],"author":[{"embeddable":true,"href":"https:\/\/suanoticiaaqui.com.br\/news\/wp-json\/wp\/v2\/users\/1"}],"replies":[{"embeddable":true,"href":"https:\/\/suanoticiaaqui.com.br\/news\/wp-json\/wp\/v2\/comments?post=7295"}],"version-history":[{"count":1,"href":"https:\/\/suanoticiaaqui.com.br\/news\/wp-json\/wp\/v2\/posts\/7295\/revisions"}],"predecessor-version":[{"id":7297,"href":"https:\/\/suanoticiaaqui.com.br\/news\/wp-json\/wp\/v2\/posts\/7295\/revisions\/7297"}],"wp:featuredmedia":[{"embeddable":true,"href":"https:\/\/suanoticiaaqui.com.br\/news\/wp-json\/wp\/v2\/media\/7296"}],"wp:attachment":[{"href":"https:\/\/suanoticiaaqui.com.br\/news\/wp-json\/wp\/v2\/media?parent=7295"}],"wp:term":[{"taxonomy":"category","embeddable":true,"href":"https:\/\/suanoticiaaqui.com.br\/news\/wp-json\/wp\/v2\/categories?post=7295"},{"taxonomy":"post_tag","embeddable":true,"href":"https:\/\/suanoticiaaqui.com.br\/news\/wp-json\/wp\/v2\/tags?post=7295"}],"curies":[{"name":"wp","href":"https:\/\/api.w.org\/{rel}","templated":true}]}}