{"id":7298,"date":"2025-08-04T15:59:15","date_gmt":"2025-08-04T19:59:15","guid":{"rendered":"https:\/\/suanoticiaaqui.com.br\/news\/?p=7298"},"modified":"2025-08-04T15:59:15","modified_gmt":"2025-08-04T19:59:15","slug":"daniela-lima-deixa-a-globonews-apos-dois-anos-como-ancora","status":"publish","type":"post","link":"https:\/\/suanoticiaaqui.com.br\/news\/2025\/08\/04\/daniela-lima-deixa-a-globonews-apos-dois-anos-como-ancora\/","title":{"rendered":"Daniela Lima deixa a GloboNews ap\u00f3s dois anos como \u00e2ncora"},"content":{"rendered":"\n<p>Demiss\u00e3o foi comunicada logo pela manh\u00e3; emissora ainda n\u00e3o se pronunciou<\/p>\n\n\n\n<ul class=\"wp-block-list\">\n<li><a href=\"https:\/\/bradockshow.com.br\/author\/marcotoledo\/\"><\/a>por <a href=\"https:\/\/bradockshow.com.br\/author\/marcotoledo\/\">Marco Toledo<\/a><\/li>\n<\/ul>\n\n\n\n<p>A jornalista Daniela Lima foi demitida da GloboNews nesta segunda-feira (4), ap\u00f3s dois anos \u00e0 frente do programa&nbsp;<em>Conex\u00e3o GloboNews<\/em>.<\/p>\n\n\n\n<p>A decis\u00e3o foi informada logo pela manh\u00e3, assim que a apresentadora chegou \u00e0 emissora para trabalhar, segundo o colunista Felipeh Campos.<\/p>\n\n\n\n<p>At\u00e9 o momento, n\u00e3o h\u00e1 informa\u00e7\u00f5es oficiais sobre os motivos do desligamento, e a GloboNews n\u00e3o se manifestou publicamente sobre o caso.<\/p>\n\n\n\n<p>Daniela tamb\u00e9m n\u00e3o comentou sua sa\u00edda nas redes ou por meio da imprensa.<\/p>\n\n\n\n<p>Com passagem pela CNN Brasil e pela&nbsp;<em>Folha de S.Paulo<\/em>, onde atuou como colunista pol\u00edtica, Daniela Lima \u00e9 conhecida por sua atua\u00e7\u00e3o no jornalismo pol\u00edtico. O futuro profissional da jornalista ainda n\u00e3o foi divulgado.<\/p>\n","protected":false},"excerpt":{"rendered":"<p>Demiss\u00e3o foi comunicada logo pela manh\u00e3; emissora ainda n\u00e3o se pronunciou A jornalista Daniela Lima foi demitida da GloboNews nesta&hellip;<\/p>\n","protected":false},"author":1,"featured_media":7299,"comment_status":"open","ping_status":"open","sticky":false,"template":"","format":"standard","meta":{"footnotes":""},"categories":[1],"tags":[],"class_list":["post-7298","post","type-post","status-publish","format-standard","has-post-thumbnail","hentry","category-uncategorized"],"_links":{"self":[{"href":"https:\/\/suanoticiaaqui.com.br\/news\/wp-json\/wp\/v2\/posts\/7298","targetHints":{"allow":["GET"]}}],"collection":[{"href":"https:\/\/suanoticiaaqui.com.br\/news\/wp-json\/wp\/v2\/posts"}],"about":[{"href":"https:\/\/suanoticiaaqui.com.br\/news\/wp-json\/wp\/v2\/types\/post"}],"author":[{"embeddable":true,"href":"https:\/\/suanoticiaaqui.com.br\/news\/wp-json\/wp\/v2\/users\/1"}],"replies":[{"embeddable":true,"href":"https:\/\/suanoticiaaqui.com.br\/news\/wp-json\/wp\/v2\/comments?post=7298"}],"version-history":[{"count":1,"href":"https:\/\/suanoticiaaqui.com.br\/news\/wp-json\/wp\/v2\/posts\/7298\/revisions"}],"predecessor-version":[{"id":7300,"href":"https:\/\/suanoticiaaqui.com.br\/news\/wp-json\/wp\/v2\/posts\/7298\/revisions\/7300"}],"wp:featuredmedia":[{"embeddable":true,"href":"https:\/\/suanoticiaaqui.com.br\/news\/wp-json\/wp\/v2\/media\/7299"}],"wp:attachment":[{"href":"https:\/\/suanoticiaaqui.com.br\/news\/wp-json\/wp\/v2\/media?parent=7298"}],"wp:term":[{"taxonomy":"category","embeddable":true,"href":"https:\/\/suanoticiaaqui.com.br\/news\/wp-json\/wp\/v2\/categories?post=7298"},{"taxonomy":"post_tag","embeddable":true,"href":"https:\/\/suanoticiaaqui.com.br\/news\/wp-json\/wp\/v2\/tags?post=7298"}],"curies":[{"name":"wp","href":"https:\/\/api.w.org\/{rel}","templated":true}]}}