{"id":7307,"date":"2025-08-04T16:02:12","date_gmt":"2025-08-04T20:02:12","guid":{"rendered":"https:\/\/suanoticiaaqui.com.br\/news\/?p=7307"},"modified":"2025-08-04T16:02:12","modified_gmt":"2025-08-04T20:02:12","slug":"trio-e-preso-por-furto-de-ferragens-e-incendio-ambiental-em-fazenda-de-dourados","status":"publish","type":"post","link":"https:\/\/suanoticiaaqui.com.br\/news\/2025\/08\/04\/trio-e-preso-por-furto-de-ferragens-e-incendio-ambiental-em-fazenda-de-dourados\/","title":{"rendered":"Trio \u00e9 preso por furto de ferragens e inc\u00eandio ambiental em fazenda de Dourados"},"content":{"rendered":"\n<ul class=\"wp-block-list\">\n<li>por Luiz Guilherme<\/li>\n<\/ul>\n\n\n\n<p>Tr\u00eas homens foram presos no s\u00e1bado (2\/8), ap\u00f3s provocarem inc\u00eandio em \u00e1rea de vegeta\u00e7\u00e3o nativa e furtarem ferragens de uma propriedade rural localizada na regi\u00e3o da ponte do Rio Dourado, entre os munic\u00edpios de Dourados e Laguna Carap\u00e3.<\/p>\n\n\n\n<p>A a\u00e7\u00e3o foi desencadeada ap\u00f3s den\u00fancia recebida pela PMA (Pol\u00edcia Militar Ambiental), relatando que indiv\u00edduos estariam retornando ao local do crime para concluir a retirada de materiais met\u00e1licos furtados. O grupo utilizou um ma\u00e7arico no dia anterior (sexta-feira), para cortar suportes met\u00e1licos de tubos de vinha\u00e7a, provocando, durante o ato, um inc\u00eandio que se espalhou por lavouras de cana e \u00e1reas de vegeta\u00e7\u00e3o nativa, atingindo inclusive uma APP (\u00c1rea de Preserva\u00e7\u00e3o Permanente).<\/p>\n\n\n\n<p>Durante o patrulhamento pela rodovia MS-379, os policiais militares ambientais localizaram e abordaram um caminh\u00e3o guincho que trafegava em dire\u00e7\u00e3o a Dourados. No ve\u00edculo foram encontradas tr\u00eas barras de ferro\/a\u00e7o de grande porte e peso. Um dos envolvidos alegou que havia sido contratado para fazer o transporte das ferragens desde o dia anterior, mas que o inc\u00eandio teria atrasado o servi\u00e7o.<\/p>\n\n\n\n<p>J\u00e1 os outros dois homens admitiram que utilizaram um ma\u00e7arico para cortar os suportes da propriedade com a inten\u00e7\u00e3o de vend\u00ea-los posteriormente.<\/p>\n\n\n\n<p>Diante das evid\u00eancias, os tr\u00eas foram presos em flagrante e encaminhados \u00e0 Depac (Delegacia de Pronto Atendimento Comunit\u00e1rio) de Dourados, onde foram autuados por furto qualificado com rompimento de obst\u00e1culo e provocar inc\u00eandio em mata ou floresta, conforme previsto na legisla\u00e7\u00e3o penal e ambiental brasileira.<\/p>\n\n\n\n<p>O caminh\u00e3o e as ferragens foram apreendidos. A Pol\u00edcia Militar Ambiental informou ainda que realizar\u00e1 a an\u00e1lise t\u00e9cnica dos danos causados pelo inc\u00eandio e, com base nos impactos apurados, aplicar\u00e1 as devidas autua\u00e7\u00f5es administrativas e multas ambientais posteriormente.<\/p>\n","protected":false},"excerpt":{"rendered":"<p>Tr\u00eas homens foram presos no s\u00e1bado (2\/8), ap\u00f3s provocarem inc\u00eandio em \u00e1rea de vegeta\u00e7\u00e3o nativa e furtarem ferragens de uma&hellip;<\/p>\n","protected":false},"author":1,"featured_media":7308,"comment_status":"open","ping_status":"open","sticky":false,"template":"","format":"standard","meta":{"footnotes":""},"categories":[1],"tags":[],"class_list":["post-7307","post","type-post","status-publish","format-standard","has-post-thumbnail","hentry","category-uncategorized"],"_links":{"self":[{"href":"https:\/\/suanoticiaaqui.com.br\/news\/wp-json\/wp\/v2\/posts\/7307","targetHints":{"allow":["GET"]}}],"collection":[{"href":"https:\/\/suanoticiaaqui.com.br\/news\/wp-json\/wp\/v2\/posts"}],"about":[{"href":"https:\/\/suanoticiaaqui.com.br\/news\/wp-json\/wp\/v2\/types\/post"}],"author":[{"embeddable":true,"href":"https:\/\/suanoticiaaqui.com.br\/news\/wp-json\/wp\/v2\/users\/1"}],"replies":[{"embeddable":true,"href":"https:\/\/suanoticiaaqui.com.br\/news\/wp-json\/wp\/v2\/comments?post=7307"}],"version-history":[{"count":1,"href":"https:\/\/suanoticiaaqui.com.br\/news\/wp-json\/wp\/v2\/posts\/7307\/revisions"}],"predecessor-version":[{"id":7309,"href":"https:\/\/suanoticiaaqui.com.br\/news\/wp-json\/wp\/v2\/posts\/7307\/revisions\/7309"}],"wp:featuredmedia":[{"embeddable":true,"href":"https:\/\/suanoticiaaqui.com.br\/news\/wp-json\/wp\/v2\/media\/7308"}],"wp:attachment":[{"href":"https:\/\/suanoticiaaqui.com.br\/news\/wp-json\/wp\/v2\/media?parent=7307"}],"wp:term":[{"taxonomy":"category","embeddable":true,"href":"https:\/\/suanoticiaaqui.com.br\/news\/wp-json\/wp\/v2\/categories?post=7307"},{"taxonomy":"post_tag","embeddable":true,"href":"https:\/\/suanoticiaaqui.com.br\/news\/wp-json\/wp\/v2\/tags?post=7307"}],"curies":[{"name":"wp","href":"https:\/\/api.w.org\/{rel}","templated":true}]}}