{"id":7323,"date":"2025-08-06T09:37:49","date_gmt":"2025-08-06T13:37:49","guid":{"rendered":"https:\/\/suanoticiaaqui.com.br\/news\/?p=7323"},"modified":"2025-08-06T09:37:49","modified_gmt":"2025-08-06T13:37:49","slug":"homem-e-preso-transportando-15-tonelada-de-maconha-em-falsa-ambulancia","status":"publish","type":"post","link":"https:\/\/suanoticiaaqui.com.br\/news\/2025\/08\/06\/homem-e-preso-transportando-15-tonelada-de-maconha-em-falsa-ambulancia\/","title":{"rendered":"Homem \u00e9 preso transportando 1,5 tonelada de maconha em falsa ambul\u00e2ncia"},"content":{"rendered":"\n<ul class=\"wp-block-list\">\n<li>por Luiz Guilherme<\/li>\n<\/ul>\n\n\n\n<p>Homem, que n\u00e3o teve o nome divulgado, foi preso pela PRF (Pol\u00edcia Rodovi\u00e1ria Federal) nesta segunda-feira (4\/8), transportando 1,5 tonelada de maconha em uma falsa ambul\u00e2ncia, na BR-060, em Campo Grande. O motorista contou que saiu de Ponta Por\u00e3, na fronteira com o Paraguai.<\/p>\n\n\n\n<p>Conforme a ocorr\u00eancia, os agentes abordaram ve\u00edculo Fiat Doblo disfar\u00e7ado de ambul\u00e2ncia. Contudo, chamou aten\u00e7\u00e3o da equipe o fato do motorista trafegar em alta velocidade, fazer ultrapassagens proibidas e ignorar o uso obrigat\u00f3rio da sirene e das luzes intermitentes, exigidas em situa\u00e7\u00f5es de emerg\u00eancia.<\/p>\n\n\n\n<p>Durante a abordagem, os PRFs perceberam que o condutor estava excessivamente nervoso. Na vistoria, encontraram v\u00e1rios tabletes de maconha. Tamb\u00e9m foi apreendida uma antena de internet via sat\u00e9lite do tipo Starlink.<\/p>\n\n\n\n<p>Aos policiais, o homem disse que o equipamento era utilizado para manter contato com dois batedores que seguiam \u00e0 frente da ambul\u00e2ncia falsa. Ele afirmou ter recebido o ve\u00edculo j\u00e1 carregado com a droga em Ponta Por\u00e3 e deveria entreg\u00e1-lo na Capital.<\/p>\n\n\n\n<p>A ocorr\u00eancia foi encaminhada para a PC (Pol\u00edcia Civil), que dar\u00e1 continuidade \u00e0s investiga\u00e7\u00f5es.<\/p>\n","protected":false},"excerpt":{"rendered":"<p>Homem, que n\u00e3o teve o nome divulgado, foi preso pela PRF (Pol\u00edcia Rodovi\u00e1ria Federal) nesta segunda-feira (4\/8), transportando 1,5 tonelada&hellip;<\/p>\n","protected":false},"author":1,"featured_media":7324,"comment_status":"open","ping_status":"open","sticky":false,"template":"","format":"standard","meta":{"footnotes":""},"categories":[1],"tags":[],"class_list":["post-7323","post","type-post","status-publish","format-standard","has-post-thumbnail","hentry","category-uncategorized"],"_links":{"self":[{"href":"https:\/\/suanoticiaaqui.com.br\/news\/wp-json\/wp\/v2\/posts\/7323","targetHints":{"allow":["GET"]}}],"collection":[{"href":"https:\/\/suanoticiaaqui.com.br\/news\/wp-json\/wp\/v2\/posts"}],"about":[{"href":"https:\/\/suanoticiaaqui.com.br\/news\/wp-json\/wp\/v2\/types\/post"}],"author":[{"embeddable":true,"href":"https:\/\/suanoticiaaqui.com.br\/news\/wp-json\/wp\/v2\/users\/1"}],"replies":[{"embeddable":true,"href":"https:\/\/suanoticiaaqui.com.br\/news\/wp-json\/wp\/v2\/comments?post=7323"}],"version-history":[{"count":1,"href":"https:\/\/suanoticiaaqui.com.br\/news\/wp-json\/wp\/v2\/posts\/7323\/revisions"}],"predecessor-version":[{"id":7325,"href":"https:\/\/suanoticiaaqui.com.br\/news\/wp-json\/wp\/v2\/posts\/7323\/revisions\/7325"}],"wp:featuredmedia":[{"embeddable":true,"href":"https:\/\/suanoticiaaqui.com.br\/news\/wp-json\/wp\/v2\/media\/7324"}],"wp:attachment":[{"href":"https:\/\/suanoticiaaqui.com.br\/news\/wp-json\/wp\/v2\/media?parent=7323"}],"wp:term":[{"taxonomy":"category","embeddable":true,"href":"https:\/\/suanoticiaaqui.com.br\/news\/wp-json\/wp\/v2\/categories?post=7323"},{"taxonomy":"post_tag","embeddable":true,"href":"https:\/\/suanoticiaaqui.com.br\/news\/wp-json\/wp\/v2\/tags?post=7323"}],"curies":[{"name":"wp","href":"https:\/\/api.w.org\/{rel}","templated":true}]}}