{"id":7326,"date":"2025-08-06T09:38:43","date_gmt":"2025-08-06T13:38:43","guid":{"rendered":"https:\/\/suanoticiaaqui.com.br\/news\/?p=7326"},"modified":"2025-08-06T09:38:43","modified_gmt":"2025-08-06T13:38:43","slug":"rapaz-morre-ao-bater-em-traseira-de-carreta-estacionada-em-ms","status":"publish","type":"post","link":"https:\/\/suanoticiaaqui.com.br\/news\/2025\/08\/06\/rapaz-morre-ao-bater-em-traseira-de-carreta-estacionada-em-ms\/","title":{"rendered":"Rapaz morre ao bater em traseira de carreta estacionada em MS"},"content":{"rendered":"\n<ul class=\"wp-block-list\">\n<li>por Luiz Guilherme<\/li>\n<\/ul>\n\n\n\n<p>Motociclista identificado como Bruno Monteiro, de 29 anos, morreu na noite desta segunda-feira (4\/8), ap\u00f3s bater a moto que ele pilotava na traseira de uma carreta estacionada na Rua Jo\u00e3o Nicolau dos Santos, em Deod\u00e1polis.<\/p>\n\n\n\n<p>O rapaz sofreu sangramentos pela boca, olhos e ouvidos, indicando poss\u00edvel traumatismo craniano. Segundo informa\u00e7\u00f5es do site Impacto News, Bruno chegou a ser socorrido em estado grav\u00edssimo pelo Samu (Servi\u00e7o de Atendimento M\u00f3vel de Urg\u00eancia) e encaminhado ao Hospital Municipal Cristo Rei, mas n\u00e3o resistiu.<\/p>\n\n\n\n<p>A PM (Pol\u00edcia Militar) atendeu \u00e0 ocorr\u00eancia. At\u00e9 o momento, n\u00e3o h\u00e1 informa\u00e7\u00f5es sobre as circunst\u00e2ncias que levaram o motociclista a colidir com a carreta estacionada, e o acidente ser\u00e1 investigado pela PC (Pol\u00edcia Civil) de Deod\u00e1polis.<\/p>\n","protected":false},"excerpt":{"rendered":"<p>Motociclista identificado como Bruno Monteiro, de 29 anos, morreu na noite desta segunda-feira (4\/8), ap\u00f3s bater a moto que ele&hellip;<\/p>\n","protected":false},"author":1,"featured_media":7327,"comment_status":"open","ping_status":"open","sticky":false,"template":"","format":"standard","meta":{"footnotes":""},"categories":[1],"tags":[],"class_list":["post-7326","post","type-post","status-publish","format-standard","has-post-thumbnail","hentry","category-uncategorized"],"_links":{"self":[{"href":"https:\/\/suanoticiaaqui.com.br\/news\/wp-json\/wp\/v2\/posts\/7326","targetHints":{"allow":["GET"]}}],"collection":[{"href":"https:\/\/suanoticiaaqui.com.br\/news\/wp-json\/wp\/v2\/posts"}],"about":[{"href":"https:\/\/suanoticiaaqui.com.br\/news\/wp-json\/wp\/v2\/types\/post"}],"author":[{"embeddable":true,"href":"https:\/\/suanoticiaaqui.com.br\/news\/wp-json\/wp\/v2\/users\/1"}],"replies":[{"embeddable":true,"href":"https:\/\/suanoticiaaqui.com.br\/news\/wp-json\/wp\/v2\/comments?post=7326"}],"version-history":[{"count":1,"href":"https:\/\/suanoticiaaqui.com.br\/news\/wp-json\/wp\/v2\/posts\/7326\/revisions"}],"predecessor-version":[{"id":7328,"href":"https:\/\/suanoticiaaqui.com.br\/news\/wp-json\/wp\/v2\/posts\/7326\/revisions\/7328"}],"wp:featuredmedia":[{"embeddable":true,"href":"https:\/\/suanoticiaaqui.com.br\/news\/wp-json\/wp\/v2\/media\/7327"}],"wp:attachment":[{"href":"https:\/\/suanoticiaaqui.com.br\/news\/wp-json\/wp\/v2\/media?parent=7326"}],"wp:term":[{"taxonomy":"category","embeddable":true,"href":"https:\/\/suanoticiaaqui.com.br\/news\/wp-json\/wp\/v2\/categories?post=7326"},{"taxonomy":"post_tag","embeddable":true,"href":"https:\/\/suanoticiaaqui.com.br\/news\/wp-json\/wp\/v2\/tags?post=7326"}],"curies":[{"name":"wp","href":"https:\/\/api.w.org\/{rel}","templated":true}]}}