{"id":7329,"date":"2025-08-06T09:39:40","date_gmt":"2025-08-06T13:39:40","guid":{"rendered":"https:\/\/suanoticiaaqui.com.br\/news\/?p=7329"},"modified":"2025-08-06T09:39:40","modified_gmt":"2025-08-06T13:39:40","slug":"isa-jane-e-ana-paula-escapam-do-processo-de-cassacao-na-camara-de-dourados","status":"publish","type":"post","link":"https:\/\/suanoticiaaqui.com.br\/news\/2025\/08\/06\/isa-jane-e-ana-paula-escapam-do-processo-de-cassacao-na-camara-de-dourados\/","title":{"rendered":"Isa Jane e Ana Paula escapam do processo de cassa\u00e7\u00e3o na C\u00e2mara de Dourados"},"content":{"rendered":"\n<ul class=\"wp-block-list\">\n<li>por Luiz Guilherme<\/li>\n<\/ul>\n\n\n\n<p>Durante sess\u00e3o ordin\u00e1ria da C\u00e2mara Municipal de Dourados na tarde desta segunda-feira (4\/8), os vereadores decidiram rejeitar os pedidos de abertura de processo de cassa\u00e7\u00e3o dos mandatos das vereadoras Isa Jane Marcondes e Ana Paula Benites Fernandes, ambas do Partido Republicanos.<\/p>\n\n\n\n<p>Esta \u00e9 a segunda vez que a parlamentar \u201cCavala\u201d, como se autodenomina, escapa de enfrentar processo por quebra de decoro.<\/p>\n\n\n\n<p>Recentemente, um funcion\u00e1rio p\u00fablico protocolou den\u00fancia contra a vereadora Ana Paula, alegando quebra de decoro parlamentar por ac\u00famulo ilegal de fun\u00e7\u00f5es.<\/p>\n\n\n\n<p>Na den\u00fancia, ele afirmou que Ana Paula est\u00e1 descumprindo leis federais e municipais por ocupar, ao mesmo tempo, dois cargos como professora da Rede Municipal de Ensino (20 horas semanais cada um) e a fun\u00e7\u00e3o de vereadora (44 horas semanais), somando 84 horas semanais de trabalho.<\/p>\n\n\n\n<p>A vereadora que na gest\u00e3o passada foi secret\u00e1ria municipal de Educa\u00e7\u00e3o, \u00e9 professora concursada e est\u00e1 lotada na Escola Municipal Luiz Antonio \u00c1lvares Gon\u00e7alves, no Jardim Novo Horizonte, onde ocupa o cargo de diretora. O autor da den\u00fancia afirmou que Ana Paula recebeu em julho de 2025 o total de R$ 37,2 mil, sendo R$ 10,5 mil de um dos cargos de professora, R$ 9,3 mil do segundo cargo e R$ 17,3 mil como vereadora.<\/p>\n\n\n\n<p>Por 19 votos a 0, a den\u00fancia foi rejeitada. Ana Paula n\u00e3o participou da vota\u00e7\u00e3o, como determina o Regimento Interno, e a presidente da C\u00e2mara Liandra Brambilla (PSBD) s\u00f3 vota em caso de empate.<\/p>\n\n\n\n<p><strong>Isa Jane<\/strong><\/p>\n\n\n\n<p>A vereadora Isa Jane Marcondes foi alvo de den\u00fancia por quebra de decoro pela segunda vez em menos de um m\u00eas. Ontem, por 16 votos a tr\u00eas, seus colegas rejeitaram a den\u00fancia apresentada pelo m\u00e9dico Luiz Ricardo de Melo Rodrigues Borges pedindo abertura de investiga\u00e7\u00e3o.<\/p>\n\n\n\n<p>O m\u00e9dico a acusou de abuso de autoridade, exposi\u00e7\u00e3o indevida e acusa\u00e7\u00f5es sem provas contra servidor p\u00fablico; amea\u00e7as verbais em ambiente de trabalho e instiga\u00e7\u00e3o p\u00fablica \u00e0 hostilidade e escracho contra profissional de sa\u00fade.<\/p>\n\n\n\n<p>No dia 3 de julho, Isa Jane Marcondes e Luiz Ricardo foram parar na Depac (Delegacia de Pronto Atendimento Comunit\u00e1rio) ap\u00f3s confus\u00e3o na unidade de sa\u00fade do distrito de Ind\u00e1polis, onde o m\u00e9dico trabalha.<\/p>\n\n\n\n<p>Durante visita ao local para \u201cfiscaliza\u00e7\u00e3o\u201d, como a pr\u00f3pria vereadora define a a\u00e7\u00e3o, Isa Jane bateu boca com o m\u00e9dico, que a interpelou por exp\u00f4-lo em rede social nas vezes anteriores em que ela esteve no posto de sa\u00fade. Durante a discuss\u00e3o, ela deu \u201cvoz de pris\u00e3o\u201d ao profissional.<\/p>\n\n\n\n<p>Os dois foram parar na delegacia e inclu\u00eddos no boletim de ocorr\u00eancia como v\u00edtimas e autores por desacato e difama\u00e7\u00e3o. O m\u00e9dico tamb\u00e9m acusou Isa Jane de utilizar as \u201cfiscaliza\u00e7\u00f5es\u201d como palco eleitoreiro, visando \u00e0s elei\u00e7\u00f5es de 2026.<\/p>\n","protected":false},"excerpt":{"rendered":"<p>Durante sess\u00e3o ordin\u00e1ria da C\u00e2mara Municipal de Dourados na tarde desta segunda-feira (4\/8), os vereadores decidiram rejeitar os pedidos de&hellip;<\/p>\n","protected":false},"author":1,"featured_media":7330,"comment_status":"open","ping_status":"open","sticky":false,"template":"","format":"standard","meta":{"footnotes":""},"categories":[1],"tags":[],"class_list":["post-7329","post","type-post","status-publish","format-standard","has-post-thumbnail","hentry","category-uncategorized"],"_links":{"self":[{"href":"https:\/\/suanoticiaaqui.com.br\/news\/wp-json\/wp\/v2\/posts\/7329","targetHints":{"allow":["GET"]}}],"collection":[{"href":"https:\/\/suanoticiaaqui.com.br\/news\/wp-json\/wp\/v2\/posts"}],"about":[{"href":"https:\/\/suanoticiaaqui.com.br\/news\/wp-json\/wp\/v2\/types\/post"}],"author":[{"embeddable":true,"href":"https:\/\/suanoticiaaqui.com.br\/news\/wp-json\/wp\/v2\/users\/1"}],"replies":[{"embeddable":true,"href":"https:\/\/suanoticiaaqui.com.br\/news\/wp-json\/wp\/v2\/comments?post=7329"}],"version-history":[{"count":1,"href":"https:\/\/suanoticiaaqui.com.br\/news\/wp-json\/wp\/v2\/posts\/7329\/revisions"}],"predecessor-version":[{"id":7331,"href":"https:\/\/suanoticiaaqui.com.br\/news\/wp-json\/wp\/v2\/posts\/7329\/revisions\/7331"}],"wp:featuredmedia":[{"embeddable":true,"href":"https:\/\/suanoticiaaqui.com.br\/news\/wp-json\/wp\/v2\/media\/7330"}],"wp:attachment":[{"href":"https:\/\/suanoticiaaqui.com.br\/news\/wp-json\/wp\/v2\/media?parent=7329"}],"wp:term":[{"taxonomy":"category","embeddable":true,"href":"https:\/\/suanoticiaaqui.com.br\/news\/wp-json\/wp\/v2\/categories?post=7329"},{"taxonomy":"post_tag","embeddable":true,"href":"https:\/\/suanoticiaaqui.com.br\/news\/wp-json\/wp\/v2\/tags?post=7329"}],"curies":[{"name":"wp","href":"https:\/\/api.w.org\/{rel}","templated":true}]}}