{"id":7332,"date":"2025-08-06T09:40:34","date_gmt":"2025-08-06T13:40:34","guid":{"rendered":"https:\/\/suanoticiaaqui.com.br\/news\/?p=7332"},"modified":"2025-08-06T09:40:34","modified_gmt":"2025-08-06T13:40:34","slug":"passageiro-morre-apos-motorista-de-caminhonete-bater-em-anta-e-atingir-carreta-de-frente","status":"publish","type":"post","link":"https:\/\/suanoticiaaqui.com.br\/news\/2025\/08\/06\/passageiro-morre-apos-motorista-de-caminhonete-bater-em-anta-e-atingir-carreta-de-frente\/","title":{"rendered":"Passageiro morre ap\u00f3s motorista de caminhonete bater em anta e atingir carreta de frente"},"content":{"rendered":"\n<p>por Dourados News<\/p>\n\n\n\n<p>Acidente envolvendo uma caminhonete Toyota Hilux e uma carreta durante a manh\u00e3 desta ter\u00e7a-feira (5\/8)&nbsp;na BR-262, em Ribas do Rio Pardo, terminou na morte de&nbsp;Orival Salvador Pereira, 29.&nbsp;<\/p>\n\n\n\n<p>O fato ocorreu ap\u00f3s o motorista do utilit\u00e1rio colidir contra uma anta que atravessava a pista de rolamento.&nbsp;<\/p>\n\n\n\n<p>Orival&nbsp;era passageiro e a caminhonete acabou invadindo a pista de rolamento e atingiu a carreta que transportava madeira de frente. Imagens gravadas&nbsp;por uma c\u00e2mera veicular instalada no ve\u00edculo de carga mostraram a motiva\u00e7\u00e3o. .<\/p>\n\n\n\n<p>Conforme o Midiamax, o acidente ocorreu por volta das 5h, momento em que ainda havia baixa visibilidade. O animal foi encontrado sem vida, nas proximidades da rodovia.<\/p>\n\n\n\n<p>Orival&nbsp;trabalhava como encarregado em uma empresa florestal em Ribas do Rio Pardo. Com o impacto da colis\u00e3o, ele acabou falecendo no local, o corpo dele foi encontrado ca\u00eddo para o lado de fora do ve\u00edculo.<\/p>\n\n\n\n<p>J\u00e1 o motorista da caminhonete e da carreta foram socorridos por uma equipe do Corpo de Bombeiros e encaminhados ao Hospital Municipal da cidade.<\/p>\n\n\n\n<p>No local do acidente, esteve uma equipe da PRF (Pol\u00edcia Rodovi\u00e1ria Federal), Pol\u00edcia Civil, Per\u00edcia e Funer\u00e1ria.<\/p>\n","protected":false},"excerpt":{"rendered":"<p>por Dourados News Acidente envolvendo uma caminhonete Toyota Hilux e uma carreta durante a manh\u00e3 desta ter\u00e7a-feira (5\/8)&nbsp;na BR-262, em&hellip;<\/p>\n","protected":false},"author":1,"featured_media":7333,"comment_status":"open","ping_status":"open","sticky":false,"template":"","format":"standard","meta":{"footnotes":""},"categories":[1],"tags":[],"class_list":["post-7332","post","type-post","status-publish","format-standard","has-post-thumbnail","hentry","category-uncategorized"],"_links":{"self":[{"href":"https:\/\/suanoticiaaqui.com.br\/news\/wp-json\/wp\/v2\/posts\/7332","targetHints":{"allow":["GET"]}}],"collection":[{"href":"https:\/\/suanoticiaaqui.com.br\/news\/wp-json\/wp\/v2\/posts"}],"about":[{"href":"https:\/\/suanoticiaaqui.com.br\/news\/wp-json\/wp\/v2\/types\/post"}],"author":[{"embeddable":true,"href":"https:\/\/suanoticiaaqui.com.br\/news\/wp-json\/wp\/v2\/users\/1"}],"replies":[{"embeddable":true,"href":"https:\/\/suanoticiaaqui.com.br\/news\/wp-json\/wp\/v2\/comments?post=7332"}],"version-history":[{"count":1,"href":"https:\/\/suanoticiaaqui.com.br\/news\/wp-json\/wp\/v2\/posts\/7332\/revisions"}],"predecessor-version":[{"id":7334,"href":"https:\/\/suanoticiaaqui.com.br\/news\/wp-json\/wp\/v2\/posts\/7332\/revisions\/7334"}],"wp:featuredmedia":[{"embeddable":true,"href":"https:\/\/suanoticiaaqui.com.br\/news\/wp-json\/wp\/v2\/media\/7333"}],"wp:attachment":[{"href":"https:\/\/suanoticiaaqui.com.br\/news\/wp-json\/wp\/v2\/media?parent=7332"}],"wp:term":[{"taxonomy":"category","embeddable":true,"href":"https:\/\/suanoticiaaqui.com.br\/news\/wp-json\/wp\/v2\/categories?post=7332"},{"taxonomy":"post_tag","embeddable":true,"href":"https:\/\/suanoticiaaqui.com.br\/news\/wp-json\/wp\/v2\/tags?post=7332"}],"curies":[{"name":"wp","href":"https:\/\/api.w.org\/{rel}","templated":true}]}}