{"id":7341,"date":"2025-08-06T09:48:35","date_gmt":"2025-08-06T13:48:35","guid":{"rendered":"https:\/\/suanoticiaaqui.com.br\/news\/?p=7341"},"modified":"2025-08-06T09:48:35","modified_gmt":"2025-08-06T13:48:35","slug":"prisao-domiciliar-de-bolsonaro-acirra-tensao-institucional","status":"publish","type":"post","link":"https:\/\/suanoticiaaqui.com.br\/news\/2025\/08\/06\/prisao-domiciliar-de-bolsonaro-acirra-tensao-institucional\/","title":{"rendered":"Pris\u00e3o domiciliar de Bolsonaro acirra tens\u00e3o institucional"},"content":{"rendered":"\n<p>Medida de Moraes \u00e9 vista como abuso e escalada contra advers\u00e1rios pol\u00edticos<\/p>\n\n\n\n<ul class=\"wp-block-list\">\n<li><a href=\"https:\/\/bradockshow.com.br\/author\/marcotoledo\/\"><\/a>por <a href=\"https:\/\/bradockshow.com.br\/author\/marcotoledo\/\">Marco Toledo<\/a><\/li>\n<\/ul>\n\n\n\n<p>A nova decis\u00e3o de Alexandre de Moraes contra Jair Bolsonaro imp\u00f5e pris\u00e3o domiciliar ao ex-presidente, alegando viola\u00e7\u00e3o de medidas cautelares. A justificativa seria o uso indireto das redes sociais para se manifestar, mesmo que de forma breve e simb\u00f3lica, durante manifesta\u00e7\u00f5es populares leg\u00edtimas que pediram liberdade e respeito \u00e0 Constitui\u00e7\u00e3o.<\/p>\n\n\n\n<p>A a\u00e7\u00e3o inclui ainda apreens\u00e3o de celulares e proibi\u00e7\u00e3o de visitas, num claro avan\u00e7o sobre direitos fundamentais.<\/p>\n\n\n\n<p>A medida acende o alerta sobre o uso seletivo da Justi\u00e7a para calar opositores e controlar o debate p\u00fablico. Bolsonaro foi alvo de censura at\u00e9 por mensagens enviadas a apoiadores, o que demonstra a fragilidade dos argumentos usados para justificar tamanha repress\u00e3o.<\/p>\n\n\n\n<p>Imposi\u00e7\u00e3o de tornozeleira, restri\u00e7\u00e3o de comunica\u00e7\u00e3o e agora a pris\u00e3o domiciliar configuram persegui\u00e7\u00e3o escancarada, contrariando princ\u00edpios b\u00e1sicos do devido processo legal e do direito de express\u00e3o.<\/p>\n\n\n\n<p>A tentativa de criminalizar manifesta\u00e7\u00f5es e a leg\u00edtima comunica\u00e7\u00e3o pol\u00edtica entre pai e filho atinge n\u00e3o s\u00f3 Bolsonaro, mas a liberdade de milh\u00f5es de brasileiros que se identificam com suas ideias.<\/p>\n\n\n\n<figure class=\"wp-block-image\"><img decoding=\"async\" src=\"https:\/\/bradockshow.com.br\/content\/images\/2025\/08\/Captura-de-tela-2025-08-04-190027.png\" alt=\"\"\/><\/figure>\n","protected":false},"excerpt":{"rendered":"<p>Medida de Moraes \u00e9 vista como abuso e escalada contra advers\u00e1rios pol\u00edticos A nova decis\u00e3o de Alexandre de Moraes contra&hellip;<\/p>\n","protected":false},"author":1,"featured_media":7342,"comment_status":"open","ping_status":"open","sticky":false,"template":"","format":"standard","meta":{"footnotes":""},"categories":[1],"tags":[],"class_list":["post-7341","post","type-post","status-publish","format-standard","has-post-thumbnail","hentry","category-uncategorized"],"_links":{"self":[{"href":"https:\/\/suanoticiaaqui.com.br\/news\/wp-json\/wp\/v2\/posts\/7341","targetHints":{"allow":["GET"]}}],"collection":[{"href":"https:\/\/suanoticiaaqui.com.br\/news\/wp-json\/wp\/v2\/posts"}],"about":[{"href":"https:\/\/suanoticiaaqui.com.br\/news\/wp-json\/wp\/v2\/types\/post"}],"author":[{"embeddable":true,"href":"https:\/\/suanoticiaaqui.com.br\/news\/wp-json\/wp\/v2\/users\/1"}],"replies":[{"embeddable":true,"href":"https:\/\/suanoticiaaqui.com.br\/news\/wp-json\/wp\/v2\/comments?post=7341"}],"version-history":[{"count":1,"href":"https:\/\/suanoticiaaqui.com.br\/news\/wp-json\/wp\/v2\/posts\/7341\/revisions"}],"predecessor-version":[{"id":7343,"href":"https:\/\/suanoticiaaqui.com.br\/news\/wp-json\/wp\/v2\/posts\/7341\/revisions\/7343"}],"wp:featuredmedia":[{"embeddable":true,"href":"https:\/\/suanoticiaaqui.com.br\/news\/wp-json\/wp\/v2\/media\/7342"}],"wp:attachment":[{"href":"https:\/\/suanoticiaaqui.com.br\/news\/wp-json\/wp\/v2\/media?parent=7341"}],"wp:term":[{"taxonomy":"category","embeddable":true,"href":"https:\/\/suanoticiaaqui.com.br\/news\/wp-json\/wp\/v2\/categories?post=7341"},{"taxonomy":"post_tag","embeddable":true,"href":"https:\/\/suanoticiaaqui.com.br\/news\/wp-json\/wp\/v2\/tags?post=7341"}],"curies":[{"name":"wp","href":"https:\/\/api.w.org\/{rel}","templated":true}]}}