{"id":7344,"date":"2025-08-06T09:51:15","date_gmt":"2025-08-06T13:51:15","guid":{"rendered":"https:\/\/suanoticiaaqui.com.br\/news\/?p=7344"},"modified":"2025-08-06T09:51:15","modified_gmt":"2025-08-06T13:51:15","slug":"sig-identifica-adolescente-como-autora-de-tentativa-de-roubo-a-motorista-de-aplicativo-em-dourados","status":"publish","type":"post","link":"https:\/\/suanoticiaaqui.com.br\/news\/2025\/08\/06\/sig-identifica-adolescente-como-autora-de-tentativa-de-roubo-a-motorista-de-aplicativo-em-dourados\/","title":{"rendered":"SIG identifica adolescente como autora de tentativa de roubo a motorista de aplicativo em Dourados"},"content":{"rendered":"\n<ul class=\"wp-block-list\">\n<li>por Luiz Guilherme<\/li>\n<\/ul>\n\n\n\n<p>Agentes do SIG (Setor de Investiga\u00e7\u00f5es Gerais) identificaram e apreenderam adolescente, de 15 anos, nesta segunda-feira (4\/8), como a autora de tentativa de roubo a motorista de aplicativo ocorrida na madrugada de sexta-feira (1\/8), em Dourados.<\/p>\n\n\n\n<p>De acordo com a investiga\u00e7\u00e3o, a menor criou uma conta falsa em um aplicativo de transporte, solicitou a corrida cujo trajeto come\u00e7ou num conjunto de quitinetes no Bairro Parque das Na\u00e7\u00f5es I at\u00e9 um ponto de venda de drogas no Cana\u00e3 I.<\/p>\n\n\n\n<p>Ao chegar ao local, onde iria adquirir coca\u00edna, pediu que o motorista transferisse um valor para sua conta corrente, o qual ela lhe entregaria em esp\u00e9cie, j\u00e1 que o traficante somente aceitaria o pagamento mediante Pix.<\/p>\n\n\n\n<p>O motorista se recusou a realizar essa opera\u00e7\u00e3o financeira, momento em que a adolescente o rendeu com uma faca a partir do banco de tr\u00e1s, pressionando a arma contra seu pesco\u00e7o e exigindo que ele lhe passasse todo o dinheiro de sua conta corrente, al\u00e9m do aparelho celular.<\/p>\n\n\n\n<p>Com o susto, o homem chegou a desmaiar no banco do motorista, momento em que a infratora deixou o local correndo e se escondeu em um matagal.<\/p>\n\n\n\n<p>Ap\u00f3s recobrar a consci\u00eancia, o motorista foi at\u00e9 a Depac (Delegacia de Pronto Atendimento Comunit\u00e1rio) registrar boletim de ocorr\u00eancia, que passou a ser investigado pela PC (Pol\u00edcia Civil).<\/p>\n\n\n\n<p>Ao ser detida, a adolescente prestou depoimento e confessou o crime.<\/p>\n","protected":false},"excerpt":{"rendered":"<p>Agentes do SIG (Setor de Investiga\u00e7\u00f5es Gerais) identificaram e apreenderam adolescente, de 15 anos, nesta segunda-feira (4\/8), como a autora&hellip;<\/p>\n","protected":false},"author":1,"featured_media":7345,"comment_status":"open","ping_status":"open","sticky":false,"template":"","format":"standard","meta":{"footnotes":""},"categories":[1],"tags":[],"class_list":["post-7344","post","type-post","status-publish","format-standard","has-post-thumbnail","hentry","category-uncategorized"],"_links":{"self":[{"href":"https:\/\/suanoticiaaqui.com.br\/news\/wp-json\/wp\/v2\/posts\/7344","targetHints":{"allow":["GET"]}}],"collection":[{"href":"https:\/\/suanoticiaaqui.com.br\/news\/wp-json\/wp\/v2\/posts"}],"about":[{"href":"https:\/\/suanoticiaaqui.com.br\/news\/wp-json\/wp\/v2\/types\/post"}],"author":[{"embeddable":true,"href":"https:\/\/suanoticiaaqui.com.br\/news\/wp-json\/wp\/v2\/users\/1"}],"replies":[{"embeddable":true,"href":"https:\/\/suanoticiaaqui.com.br\/news\/wp-json\/wp\/v2\/comments?post=7344"}],"version-history":[{"count":1,"href":"https:\/\/suanoticiaaqui.com.br\/news\/wp-json\/wp\/v2\/posts\/7344\/revisions"}],"predecessor-version":[{"id":7346,"href":"https:\/\/suanoticiaaqui.com.br\/news\/wp-json\/wp\/v2\/posts\/7344\/revisions\/7346"}],"wp:featuredmedia":[{"embeddable":true,"href":"https:\/\/suanoticiaaqui.com.br\/news\/wp-json\/wp\/v2\/media\/7345"}],"wp:attachment":[{"href":"https:\/\/suanoticiaaqui.com.br\/news\/wp-json\/wp\/v2\/media?parent=7344"}],"wp:term":[{"taxonomy":"category","embeddable":true,"href":"https:\/\/suanoticiaaqui.com.br\/news\/wp-json\/wp\/v2\/categories?post=7344"},{"taxonomy":"post_tag","embeddable":true,"href":"https:\/\/suanoticiaaqui.com.br\/news\/wp-json\/wp\/v2\/tags?post=7344"}],"curies":[{"name":"wp","href":"https:\/\/api.w.org\/{rel}","templated":true}]}}