{"id":7347,"date":"2025-08-06T09:57:42","date_gmt":"2025-08-06T13:57:42","guid":{"rendered":"https:\/\/suanoticiaaqui.com.br\/news\/?p=7347"},"modified":"2025-08-06T09:57:42","modified_gmt":"2025-08-06T13:57:42","slug":"acusado-de-aplicar-golpes-em-dourados-empresario-e-preso-no-parana","status":"publish","type":"post","link":"https:\/\/suanoticiaaqui.com.br\/news\/2025\/08\/06\/acusado-de-aplicar-golpes-em-dourados-empresario-e-preso-no-parana\/","title":{"rendered":"Acusado de aplicar golpes em Dourados, empres\u00e1rio \u00e9 preso no Paran\u00e1"},"content":{"rendered":"\n<p><strong>05 agosto<\/strong>\u00a02025 Por\u00a0<strong>Cristina Nunes e Osvaldo Duarte<\/strong><\/p>\n\n\n\n<p>Um homem de 27 anos acusado de estelionato foi preso na manh\u00e3 desta ter\u00e7a-feira (5) na cidade de Londrina, no Paran\u00e1, por policiais civis do 1\u00ba Distrito Policial de Dourados.<\/p>\n\n\n\n<p>Trata-se de Lucas Oliveira Pecini, propriet\u00e1rio de uma vidra\u00e7aria em Dourados, que \u00e9 investigado por aplicar uma s\u00e9rie de golpes na cidade, incluindo um contra uma igreja cat\u00f3lica.<\/p>\n\n\n\n<p>Ap\u00f3s as den\u00fancias, ele fugiu para o estado vizinho, onde foi localizado e preso.<\/p>\n\n\n\n<p>A pris\u00e3o preventiva foi solicitada pelo delegado Demerval Neto, respons\u00e1vel pela investiga\u00e7\u00e3o, e autorizada pela Justi\u00e7a. O mandado foi cumprido com apoio da Pol\u00edcia Civil do Paran\u00e1.<\/p>\n\n\n\n<p>O delegado Demerval Neto deve fornecer mais detalhes sobre o caso ainda nesta ter\u00e7a-feira. Lucas dever\u00e1 ser transferido para Dourados.&nbsp;<br>&nbsp;<\/p>\n\n\n\n<p>Veja v\u00eddeo da pris\u00e3o<\/p>\n\n\n\n<figure class=\"wp-block-video\"><video height=\"848\" style=\"aspect-ratio: 480 \/ 848;\" width=\"480\" controls src=\"http:\/\/suanoticiaaqui.com.br\/news\/wp-content\/uploads\/2025\/08\/VIDEO-2025-08-05-12-08-38.mp4\"><\/video><\/figure>\n\n\n\n<p><\/p>\n\n\n\n<p>Video Chegando na Delegacia de Dourados &#8211; Video por Cido Costa<\/p>\n\n\n\n<figure class=\"wp-block-video\"><video height=\"848\" style=\"aspect-ratio: 476 \/ 848;\" width=\"476\" controls src=\"http:\/\/suanoticiaaqui.com.br\/news\/wp-content\/uploads\/2025\/08\/VIDEO-2025-08-05-20-32-20.mp4\"><\/video><\/figure>\n","protected":false},"excerpt":{"rendered":"<p>05 agosto\u00a02025 Por\u00a0Cristina Nunes e Osvaldo Duarte Um homem de 27 anos acusado de estelionato foi preso na manh\u00e3 desta&hellip;<\/p>\n","protected":false},"author":1,"featured_media":7350,"comment_status":"open","ping_status":"open","sticky":false,"template":"","format":"standard","meta":{"footnotes":""},"categories":[1],"tags":[],"class_list":["post-7347","post","type-post","status-publish","format-standard","has-post-thumbnail","hentry","category-uncategorized"],"_links":{"self":[{"href":"https:\/\/suanoticiaaqui.com.br\/news\/wp-json\/wp\/v2\/posts\/7347","targetHints":{"allow":["GET"]}}],"collection":[{"href":"https:\/\/suanoticiaaqui.com.br\/news\/wp-json\/wp\/v2\/posts"}],"about":[{"href":"https:\/\/suanoticiaaqui.com.br\/news\/wp-json\/wp\/v2\/types\/post"}],"author":[{"embeddable":true,"href":"https:\/\/suanoticiaaqui.com.br\/news\/wp-json\/wp\/v2\/users\/1"}],"replies":[{"embeddable":true,"href":"https:\/\/suanoticiaaqui.com.br\/news\/wp-json\/wp\/v2\/comments?post=7347"}],"version-history":[{"count":1,"href":"https:\/\/suanoticiaaqui.com.br\/news\/wp-json\/wp\/v2\/posts\/7347\/revisions"}],"predecessor-version":[{"id":7351,"href":"https:\/\/suanoticiaaqui.com.br\/news\/wp-json\/wp\/v2\/posts\/7347\/revisions\/7351"}],"wp:featuredmedia":[{"embeddable":true,"href":"https:\/\/suanoticiaaqui.com.br\/news\/wp-json\/wp\/v2\/media\/7350"}],"wp:attachment":[{"href":"https:\/\/suanoticiaaqui.com.br\/news\/wp-json\/wp\/v2\/media?parent=7347"}],"wp:term":[{"taxonomy":"category","embeddable":true,"href":"https:\/\/suanoticiaaqui.com.br\/news\/wp-json\/wp\/v2\/categories?post=7347"},{"taxonomy":"post_tag","embeddable":true,"href":"https:\/\/suanoticiaaqui.com.br\/news\/wp-json\/wp\/v2\/tags?post=7347"}],"curies":[{"name":"wp","href":"https:\/\/api.w.org\/{rel}","templated":true}]}}